{"id":8340,"date":"2018-03-01T09:27:06","date_gmt":"2018-03-01T09:27:06","guid":{"rendered":"http:\/\/blogdorogeriogomes.com.br\/?p=8340"},"modified":"2018-03-01T09:27:06","modified_gmt":"2018-03-01T09:27:06","slug":"reajuste-de-servidores-do-estado-e-prefeitura-nao-ultrapassam-os-3","status":"publish","type":"post","link":"https:\/\/blogdorogeriogomes.com.br\/noticias\/2018\/03\/reajuste-de-servidores-do-estado-e-prefeitura-nao-ultrapassam-os-3\/","title":{"rendered":"Reajuste de servidores do Estado e Prefeitura n\u00e3o ultrapassam os 3%"},"content":{"rendered":"<p><img loading=\"lazy\" decoding=\"async\" class=\"alignnone size-medium wp-image-8341\" src=\"http:\/\/blogdorogeriogomes.com.br\/wp-content\/uploads\/2018\/03\/unnamed-6-300x173.jpg\" alt=\"unnamed (6)\" width=\"300\" height=\"173\" srcset=\"https:\/\/blogdorogeriogomes.com.br\/noticias\/wp-content\/uploads\/2018\/03\/unnamed-6-300x173.jpg 300w, https:\/\/blogdorogeriogomes.com.br\/noticias\/wp-content\/uploads\/2018\/03\/unnamed-6.jpg 504w\" sizes=\"auto, (max-width: 300px) 100vw, 300px\" \/><\/p>\n<p><span style=\"font-weight: 400;\">Enquanto o Governo do Estado anunciou um aumento de 3% nos sal\u00e1rios dos servidores para 2018, a Prefeitura de Fortaleza definiu um reajuste de 2,95% para os funcion\u00e1rios municipais. Eles pediam um acr\u00e9scimo de 9,42%. O pagamento do benef\u00edcio ser\u00e1 retroativo a janeiro. No caso do Munic\u00edpio, o prefeito Roberto Cl\u00e1udio garantiu um reajuste diferenciado para a categoria dos professores.<\/span><\/p>\n<p><span style=\"font-weight: 400;\">Na Assembleia Legislativa, o deputado oposicionista Heitor F\u00e9rrer (PSB) chamou de &#8220;esmola&#8221;, o reajuste salarial de 3%, proposto pelo Governo do Estado para os servidores p\u00fablicos este ano. O parlamentar argumenta que os sucessivos aumentos, nos \u00faltimos tr\u00eas anos, dos gastos com servi\u00e7os essenciais, como \u00e1gua, energia e combust\u00edvel t\u00eam afetado o poder de compra do funcionalismo p\u00fablico. <\/span><\/p>\n","protected":false},"excerpt":{"rendered":"<p>Enquanto o Governo do Estado anunciou um aumento de 3% nos sal\u00e1rios dos servidores para 2018, a Prefeitura de Fortaleza definiu um reajuste de 2,95% para os funcion\u00e1rios municipais. Eles pediam um acr\u00e9scimo de 9,42%. O pagamento do benef\u00edcio ser\u00e1 retroativo a janeiro. No caso do Munic\u00edpio, o prefeito Roberto Cl\u00e1udio garantiu um reajuste diferenciado para a categoria dos professores. Na Assembleia Legislativa, o deputado oposicionista Heitor F\u00e9rrer (PSB) chamou de &#8220;esmola&#8221;, o reajuste salarial de 3%, proposto pelo&hellip;<\/p>\n","protected":false},"author":1,"featured_media":0,"comment_status":"open","ping_status":"open","sticky":false,"template":"","format":"standard","meta":{"footnotes":""},"categories":[1],"tags":[],"class_list":["post-8340","post","type-post","status-publish","format-standard","hentry","category-noticias"],"_links":{"self":[{"href":"https:\/\/blogdorogeriogomes.com.br\/noticias\/wp-json\/wp\/v2\/posts\/8340","targetHints":{"allow":["GET"]}}],"collection":[{"href":"https:\/\/blogdorogeriogomes.com.br\/noticias\/wp-json\/wp\/v2\/posts"}],"about":[{"href":"https:\/\/blogdorogeriogomes.com.br\/noticias\/wp-json\/wp\/v2\/types\/post"}],"author":[{"embeddable":true,"href":"https:\/\/blogdorogeriogomes.com.br\/noticias\/wp-json\/wp\/v2\/users\/1"}],"replies":[{"embeddable":true,"href":"https:\/\/blogdorogeriogomes.com.br\/noticias\/wp-json\/wp\/v2\/comments?post=8340"}],"version-history":[{"count":1,"href":"https:\/\/blogdorogeriogomes.com.br\/noticias\/wp-json\/wp\/v2\/posts\/8340\/revisions"}],"predecessor-version":[{"id":8342,"href":"https:\/\/blogdorogeriogomes.com.br\/noticias\/wp-json\/wp\/v2\/posts\/8340\/revisions\/8342"}],"wp:attachment":[{"href":"https:\/\/blogdorogeriogomes.com.br\/noticias\/wp-json\/wp\/v2\/media?parent=8340"}],"wp:term":[{"taxonomy":"category","embeddable":true,"href":"https:\/\/blogdorogeriogomes.com.br\/noticias\/wp-json\/wp\/v2\/categories?post=8340"},{"taxonomy":"post_tag","embeddable":true,"href":"https:\/\/blogdorogeriogomes.com.br\/noticias\/wp-json\/wp\/v2\/tags?post=8340"}],"curies":[{"name":"wp","href":"https:\/\/api.w.org\/{rel}","templated":true}]}}