{"id":8343,"date":"2018-03-01T18:36:03","date_gmt":"2018-03-01T18:36:03","guid":{"rendered":"http:\/\/blogdorogeriogomes.com.br\/?p=8343"},"modified":"2018-03-01T18:36:03","modified_gmt":"2018-03-01T18:36:03","slug":"prefeitura-de-fortaleza-inicia-estudo-para-abrir-terminais-de-onibus-a-exploracao-da-iniciativa-privada","status":"publish","type":"post","link":"https:\/\/blogdorogeriogomes.com.br\/noticias\/2018\/03\/prefeitura-de-fortaleza-inicia-estudo-para-abrir-terminais-de-onibus-a-exploracao-da-iniciativa-privada\/","title":{"rendered":"Prefeitura de Fortaleza inicia estudo para abrir terminais de \u00f4nibus \u00e0 explora\u00e7\u00e3o da iniciativa privada"},"content":{"rendered":"<p><img loading=\"lazy\" decoding=\"async\" class=\"alignnone size-medium wp-image-8344\" src=\"http:\/\/blogdorogeriogomes.com.br\/wp-content\/uploads\/2018\/03\/images-36-300x176.jpeg\" alt=\"images (36)\" width=\"300\" height=\"176\" srcset=\"https:\/\/blogdorogeriogomes.com.br\/noticias\/wp-content\/uploads\/2018\/03\/images-36-300x176.jpeg 300w, https:\/\/blogdorogeriogomes.com.br\/noticias\/wp-content\/uploads\/2018\/03\/images-36.jpeg 500w\" sizes=\"auto, (max-width: 300px) 100vw, 300px\" \/><\/p>\n<p><span style=\"font-weight: 400;\">O prefeito de Fortaleza, Roberto Cl\u00e1udio, anunciou a abertura de edital para a realiza\u00e7\u00e3o de estudos de viabilidade financeira para opera\u00e7\u00e3o dos terminais de \u00f4nibus pela iniciativa privada.<\/span><span style=\"font-weight: 400;\"><br \/>\n<\/span><span style=\"font-weight: 400;\">O estudo deve ser desenvolvido em seis meses. A Prefeitura deseja diminuir os custos de manuten\u00e7\u00e3o, al\u00e9m de possibilitar a amplia\u00e7\u00e3o e moderniza\u00e7\u00e3o dos equipamentos.<\/span><span style=\"font-weight: 400;\"><br \/>\n<\/span><span style=\"font-weight: 400;\">Os estudos de opera\u00e7\u00e3o e manuten\u00e7\u00e3o s\u00e3o destinados aos oito terminais de \u00f4nibus urbanos da Capital. Sete s\u00e3o fechados: Ant\u00f4nio Bezerra, Conjunto Cear\u00e1, Lagoa, Messejana, Papicu, Parangaba e Siqueira, e um aberto, Pra\u00e7a Cora\u00e7\u00e3o de Jesus. Um movimento de 1 milh\u00e3o e 100 mil passageiros por dia.<\/span><span style=\"font-weight: 400;\"><br \/>\n<\/span><span style=\"font-weight: 400;\">O plano de concess\u00e3o inclui algumas exig\u00eancias do Munic\u00edpio. As duas principais s\u00e3o que a gest\u00e3o dos terminais continua sendo p\u00fablica e que n\u00e3o poder\u00e1 haver qualquer tipo de cobran\u00e7a de taxas extras aos usu\u00e1rios do transporte coletivo.<\/span><span style=\"font-weight: 400;\"><br \/>\n<\/span><span style=\"font-weight: 400;\">A ideia do plano de concess\u00e3o \u00e9 que a iniciativa privada possa explorar espa\u00e7os para o com\u00e9rcio e publicidade. <\/span><\/p>\n","protected":false},"excerpt":{"rendered":"<p>O prefeito de Fortaleza, Roberto Cl\u00e1udio, anunciou a abertura de edital para a realiza\u00e7\u00e3o de estudos de viabilidade financeira para opera\u00e7\u00e3o dos terminais de \u00f4nibus pela iniciativa privada. O estudo deve ser desenvolvido em seis meses. A Prefeitura deseja diminuir os custos de manuten\u00e7\u00e3o, al\u00e9m de possibilitar a amplia\u00e7\u00e3o e moderniza\u00e7\u00e3o dos equipamentos. Os estudos de opera\u00e7\u00e3o e manuten\u00e7\u00e3o s\u00e3o destinados aos oito terminais de \u00f4nibus urbanos da Capital. Sete s\u00e3o fechados: Ant\u00f4nio Bezerra, Conjunto Cear\u00e1, Lagoa, Messejana, Papicu,&hellip;<\/p>\n","protected":false},"author":1,"featured_media":0,"comment_status":"open","ping_status":"open","sticky":false,"template":"","format":"standard","meta":{"footnotes":""},"categories":[1],"tags":[],"class_list":["post-8343","post","type-post","status-publish","format-standard","hentry","category-noticias"],"_links":{"self":[{"href":"https:\/\/blogdorogeriogomes.com.br\/noticias\/wp-json\/wp\/v2\/posts\/8343","targetHints":{"allow":["GET"]}}],"collection":[{"href":"https:\/\/blogdorogeriogomes.com.br\/noticias\/wp-json\/wp\/v2\/posts"}],"about":[{"href":"https:\/\/blogdorogeriogomes.com.br\/noticias\/wp-json\/wp\/v2\/types\/post"}],"author":[{"embeddable":true,"href":"https:\/\/blogdorogeriogomes.com.br\/noticias\/wp-json\/wp\/v2\/users\/1"}],"replies":[{"embeddable":true,"href":"https:\/\/blogdorogeriogomes.com.br\/noticias\/wp-json\/wp\/v2\/comments?post=8343"}],"version-history":[{"count":1,"href":"https:\/\/blogdorogeriogomes.com.br\/noticias\/wp-json\/wp\/v2\/posts\/8343\/revisions"}],"predecessor-version":[{"id":8345,"href":"https:\/\/blogdorogeriogomes.com.br\/noticias\/wp-json\/wp\/v2\/posts\/8343\/revisions\/8345"}],"wp:attachment":[{"href":"https:\/\/blogdorogeriogomes.com.br\/noticias\/wp-json\/wp\/v2\/media?parent=8343"}],"wp:term":[{"taxonomy":"category","embeddable":true,"href":"https:\/\/blogdorogeriogomes.com.br\/noticias\/wp-json\/wp\/v2\/categories?post=8343"},{"taxonomy":"post_tag","embeddable":true,"href":"https:\/\/blogdorogeriogomes.com.br\/noticias\/wp-json\/wp\/v2\/tags?post=8343"}],"curies":[{"name":"wp","href":"https:\/\/api.w.org\/{rel}","templated":true}]}}