{"id":8346,"date":"2018-03-01T20:56:41","date_gmt":"2018-03-01T20:56:41","guid":{"rendered":"http:\/\/blogdorogeriogomes.com.br\/?p=8346"},"modified":"2018-03-01T20:56:41","modified_gmt":"2018-03-01T20:56:41","slug":"temer-anuncia-r-5-bilhoes-para-estados-investirem-em-seguranca-publica-este-ano","status":"publish","type":"post","link":"https:\/\/blogdorogeriogomes.com.br\/noticias\/2018\/03\/temer-anuncia-r-5-bilhoes-para-estados-investirem-em-seguranca-publica-este-ano\/","title":{"rendered":"Temer anuncia R$ 5 bilh\u00f5es para estados investirem em seguran\u00e7a p\u00fablica este ano"},"content":{"rendered":"<p><img loading=\"lazy\" decoding=\"async\" class=\"size-medium wp-image-8347\" src=\"http:\/\/blogdorogeriogomes.com.br\/wp-content\/uploads\/2018\/03\/image-3-300x145.jpg\" alt=\"Bras\u00edlia - O presidente Michel Temer discute Seguran\u00e7a P\u00fablica com governadores, em reuni\u00e3o no Pal\u00e1cio do Planalto (Antonio Cruz\/Ag\u00eancia Brasil)\" width=\"300\" height=\"145\" srcset=\"https:\/\/blogdorogeriogomes.com.br\/noticias\/wp-content\/uploads\/2018\/03\/image-3-300x145.jpg 300w, https:\/\/blogdorogeriogomes.com.br\/noticias\/wp-content\/uploads\/2018\/03\/image-3-768x371.jpg 768w, https:\/\/blogdorogeriogomes.com.br\/noticias\/wp-content\/uploads\/2018\/03\/image-3-1024x495.jpg 1024w, https:\/\/blogdorogeriogomes.com.br\/noticias\/wp-content\/uploads\/2018\/03\/image-3.jpg 1280w\" sizes=\"auto, (max-width: 300px) 100vw, 300px\" \/><\/p>\n<p><span style=\"font-weight: 400;\">Com a ajuda do Banco de Desenvolvimento Econ\u00f4mico e Social (BNDES), o Governo Federal est\u00e1 garantindo um cr\u00e9dito de R$ 5 bilh\u00f5es de reais em 2018 para os Estados investirem em seguran\u00e7a p\u00fablica.<\/span><\/p>\n<p><span style=\"font-weight: 400;\">Entre as metas, est\u00e3o equipar as for\u00e7as de seguran\u00e7a e defesa e ampliar a coordena\u00e7\u00e3o nacional da atua\u00e7\u00e3o no setor de seguran\u00e7a p\u00fablica, atrav\u00e9s do Minist\u00e9rio Extraordin\u00e1rio de Seguran\u00e7a P\u00fablica.<\/span><\/p>\n<p><span style=\"font-weight: 400;\">A linha de cr\u00e9dito foi anunciada pelo presidente Michel Temer em reuni\u00e3o com governadores e ministros nesta quinta-feira, dia 1\u00b0 de mar\u00e7o, em Bras\u00edlia. A linha de cr\u00e9dito para a seguran\u00e7a ser\u00e1 ampliada em mais R$ 37 bilh\u00f5es de 2019 a 2022, quando o plano tem como objetivos incrementar investimentos nos equipamentos penitenci\u00e1rios e ferramentas de controle, al\u00e9m de ampliar o patrulhamento das \u00e1reas de fronteira.<\/span><\/p>\n<p><span style=\"font-weight: 400;\">O governador Camilo Santana participou da reuni\u00e3o com Temer e articula tamb\u00e9m com presidente do Senado Federal, Eun\u00edcio Oliveira, a vinda do Centro de Intelig\u00eancia de Seguran\u00e7a no Nordeste para ter sede do Cear\u00e1. A demanda foi entregue ao ministro da Seguran\u00e7a P\u00fablica, Raul Jungmann.<\/span><\/p>\n<p><span style=\"font-weight: 400;\">Eun\u00edcio Oliveira destacou que tamb\u00e9m h\u00e1 recursos suficientes para a implanta\u00e7\u00e3o do Sistema \u00danico de Seguran\u00e7a P\u00fablica, que poder\u00e1 auxiliar financeiramente os estados no setor. O projeto faz parte da pauta do Congresso Nacional e deve ser aprovado nas duas Casas at\u00e9 o dia 20 de mar\u00e7o. A tramita\u00e7\u00e3o deve come\u00e7ar na C\u00e2mara em regime de urg\u00eancia.<\/span><\/p>\n","protected":false},"excerpt":{"rendered":"<p>Com a ajuda do Banco de Desenvolvimento Econ\u00f4mico e Social (BNDES), o Governo Federal est\u00e1 garantindo um cr\u00e9dito de R$ 5 bilh\u00f5es de reais em 2018 para os Estados investirem em seguran\u00e7a p\u00fablica. Entre as metas, est\u00e3o equipar as for\u00e7as de seguran\u00e7a e defesa e ampliar a coordena\u00e7\u00e3o nacional da atua\u00e7\u00e3o no setor de seguran\u00e7a p\u00fablica, atrav\u00e9s do Minist\u00e9rio Extraordin\u00e1rio de Seguran\u00e7a P\u00fablica. A linha de cr\u00e9dito foi anunciada pelo presidente Michel Temer em reuni\u00e3o com governadores e ministros&hellip;<\/p>\n","protected":false},"author":1,"featured_media":0,"comment_status":"open","ping_status":"open","sticky":false,"template":"","format":"standard","meta":{"footnotes":""},"categories":[1],"tags":[],"class_list":["post-8346","post","type-post","status-publish","format-standard","hentry","category-noticias"],"_links":{"self":[{"href":"https:\/\/blogdorogeriogomes.com.br\/noticias\/wp-json\/wp\/v2\/posts\/8346","targetHints":{"allow":["GET"]}}],"collection":[{"href":"https:\/\/blogdorogeriogomes.com.br\/noticias\/wp-json\/wp\/v2\/posts"}],"about":[{"href":"https:\/\/blogdorogeriogomes.com.br\/noticias\/wp-json\/wp\/v2\/types\/post"}],"author":[{"embeddable":true,"href":"https:\/\/blogdorogeriogomes.com.br\/noticias\/wp-json\/wp\/v2\/users\/1"}],"replies":[{"embeddable":true,"href":"https:\/\/blogdorogeriogomes.com.br\/noticias\/wp-json\/wp\/v2\/comments?post=8346"}],"version-history":[{"count":1,"href":"https:\/\/blogdorogeriogomes.com.br\/noticias\/wp-json\/wp\/v2\/posts\/8346\/revisions"}],"predecessor-version":[{"id":8348,"href":"https:\/\/blogdorogeriogomes.com.br\/noticias\/wp-json\/wp\/v2\/posts\/8346\/revisions\/8348"}],"wp:attachment":[{"href":"https:\/\/blogdorogeriogomes.com.br\/noticias\/wp-json\/wp\/v2\/media?parent=8346"}],"wp:term":[{"taxonomy":"category","embeddable":true,"href":"https:\/\/blogdorogeriogomes.com.br\/noticias\/wp-json\/wp\/v2\/categories?post=8346"},{"taxonomy":"post_tag","embeddable":true,"href":"https:\/\/blogdorogeriogomes.com.br\/noticias\/wp-json\/wp\/v2\/tags?post=8346"}],"curies":[{"name":"wp","href":"https:\/\/api.w.org\/{rel}","templated":true}]}}