{"id":8353,"date":"2018-03-02T09:17:01","date_gmt":"2018-03-02T09:17:01","guid":{"rendered":"http:\/\/blogdorogeriogomes.com.br\/?p=8353"},"modified":"2018-03-02T09:17:01","modified_gmt":"2018-03-02T09:17:01","slug":"prefeitura-de-fortaleza-vai-investir-em-miniterminais-de-onibus","status":"publish","type":"post","link":"https:\/\/blogdorogeriogomes.com.br\/noticias\/2018\/03\/prefeitura-de-fortaleza-vai-investir-em-miniterminais-de-onibus\/","title":{"rendered":"Prefeitura de Fortaleza vai investir em miniterminais de \u00f4nibus"},"content":{"rendered":"<p><img loading=\"lazy\" decoding=\"async\" class=\"alignnone size-medium wp-image-8354\" src=\"http:\/\/blogdorogeriogomes.com.br\/wp-content\/uploads\/2018\/03\/images-37-300x225.jpeg\" alt=\"images (37)\" width=\"300\" height=\"225\" srcset=\"https:\/\/blogdorogeriogomes.com.br\/noticias\/wp-content\/uploads\/2018\/03\/images-37-300x225.jpeg 300w, https:\/\/blogdorogeriogomes.com.br\/noticias\/wp-content\/uploads\/2018\/03\/images-37.jpeg 443w\" sizes=\"auto, (max-width: 300px) 100vw, 300px\" \/><\/p>\n<p><span style=\"font-weight: 400;\">At\u00e9 o fim de mar\u00e7o, a Prefeitura de Fortaleza pretende fechar o projeto de constru\u00e7\u00e3o de pelo menos 10 miniterminais de \u00f4nibus em regi\u00f5es da Capital com maior fluxo populacional. Dois deles j\u00e1 est\u00e3o com \u00e1reas previamente definidas. Ser\u00e3o constru\u00eddos no bairro Jos\u00e9 Walter e na Avenida Washington Soares.<\/span><\/p>\n<p><span style=\"font-weight: 400;\">De acordo com o prefeito Roberto Cl\u00e1udio, os equipamentos ter\u00e3o investimento p\u00fablico. A previs\u00e3o \u00e9 que os miniterminais tenham 110 \u00f4nibus circulando por hora. As estruturas ser\u00e3o cobertas e cercadas com bilheteria, banheiros, quiosques e ter\u00e1 a presen\u00e7a de agentes da guarda municipal.<\/span><\/p>\n","protected":false},"excerpt":{"rendered":"<p>At\u00e9 o fim de mar\u00e7o, a Prefeitura de Fortaleza pretende fechar o projeto de constru\u00e7\u00e3o de pelo menos 10 miniterminais de \u00f4nibus em regi\u00f5es da Capital com maior fluxo populacional. Dois deles j\u00e1 est\u00e3o com \u00e1reas previamente definidas. Ser\u00e3o constru\u00eddos no bairro Jos\u00e9 Walter e na Avenida Washington Soares. De acordo com o prefeito Roberto Cl\u00e1udio, os equipamentos ter\u00e3o investimento p\u00fablico. A previs\u00e3o \u00e9 que os miniterminais tenham 110 \u00f4nibus circulando por hora. As estruturas ser\u00e3o cobertas e cercadas&hellip;<\/p>\n","protected":false},"author":1,"featured_media":0,"comment_status":"open","ping_status":"open","sticky":false,"template":"","format":"standard","meta":{"footnotes":""},"categories":[1],"tags":[],"class_list":["post-8353","post","type-post","status-publish","format-standard","hentry","category-noticias"],"_links":{"self":[{"href":"https:\/\/blogdorogeriogomes.com.br\/noticias\/wp-json\/wp\/v2\/posts\/8353","targetHints":{"allow":["GET"]}}],"collection":[{"href":"https:\/\/blogdorogeriogomes.com.br\/noticias\/wp-json\/wp\/v2\/posts"}],"about":[{"href":"https:\/\/blogdorogeriogomes.com.br\/noticias\/wp-json\/wp\/v2\/types\/post"}],"author":[{"embeddable":true,"href":"https:\/\/blogdorogeriogomes.com.br\/noticias\/wp-json\/wp\/v2\/users\/1"}],"replies":[{"embeddable":true,"href":"https:\/\/blogdorogeriogomes.com.br\/noticias\/wp-json\/wp\/v2\/comments?post=8353"}],"version-history":[{"count":1,"href":"https:\/\/blogdorogeriogomes.com.br\/noticias\/wp-json\/wp\/v2\/posts\/8353\/revisions"}],"predecessor-version":[{"id":8355,"href":"https:\/\/blogdorogeriogomes.com.br\/noticias\/wp-json\/wp\/v2\/posts\/8353\/revisions\/8355"}],"wp:attachment":[{"href":"https:\/\/blogdorogeriogomes.com.br\/noticias\/wp-json\/wp\/v2\/media?parent=8353"}],"wp:term":[{"taxonomy":"category","embeddable":true,"href":"https:\/\/blogdorogeriogomes.com.br\/noticias\/wp-json\/wp\/v2\/categories?post=8353"},{"taxonomy":"post_tag","embeddable":true,"href":"https:\/\/blogdorogeriogomes.com.br\/noticias\/wp-json\/wp\/v2\/tags?post=8353"}],"curies":[{"name":"wp","href":"https:\/\/api.w.org\/{rel}","templated":true}]}}