{"id":8357,"date":"2018-03-02T21:00:28","date_gmt":"2018-03-02T21:00:28","guid":{"rendered":"http:\/\/blogdorogeriogomes.com.br\/?p=8357"},"modified":"2018-03-02T21:00:28","modified_gmt":"2018-03-02T21:00:28","slug":"centro-de-idiomas-vai-capacitar-alunos-da-escola-publica","status":"publish","type":"post","link":"https:\/\/blogdorogeriogomes.com.br\/noticias\/2018\/03\/centro-de-idiomas-vai-capacitar-alunos-da-escola-publica\/","title":{"rendered":"Centro de Idiomas vai capacitar alunos da escola p\u00fablica"},"content":{"rendered":"<p><img loading=\"lazy\" decoding=\"async\" class=\"alignnone size-medium wp-image-8359\" src=\"http:\/\/blogdorogeriogomes.com.br\/wp-content\/uploads\/2018\/03\/IMG_20180302_180159-300x217.jpg\" alt=\"IMG_20180302_180159\" width=\"300\" height=\"217\" srcset=\"https:\/\/blogdorogeriogomes.com.br\/noticias\/wp-content\/uploads\/2018\/03\/IMG_20180302_180159-300x217.jpg 300w, https:\/\/blogdorogeriogomes.com.br\/noticias\/wp-content\/uploads\/2018\/03\/IMG_20180302_180159.jpg 613w\" sizes=\"auto, (max-width: 300px) 100vw, 300px\" \/><\/p>\n<p>O governador Camilo Santana inaugurou nesta sexta-feira, dia 2 de mar\u00e7o, dois Centros Cearenses de Idiomas, sendo um na Capital e outro no munic\u00edpio de Crate\u00fas. Cada Centro ofertar\u00e1 cursos gratuitos de Ingl\u00eas e Espanhol voltados a estudantes matriculados na rede p\u00fablica estadual de ensino.<br \/>\nO primeiro centro foi instalado no Shopping Benfica. At\u00e9 o fim de abril, est\u00e1 previsto o in\u00edcio do funcionamento de mais cinco em quatro outros shoppings de Fortaleza e outra unidade no Conjunto Cear\u00e1. O interior tamb\u00e9m ser\u00e1 contemplado. A Secretaria de Educa\u00e7\u00e3o do Estado inaugurou nesta sexta-feira o Centro de Idiomas em Crate\u00fas, mas tamb\u00e9m est\u00e3o previstas unidades em Caucaia, Iguatu e Juazeiro do Norte. Um investimento total de R$ 5 milh\u00f5es de reais. S\u00e3o projetadas 9.400 vagas em todo o Estado.<\/p>\n","protected":false},"excerpt":{"rendered":"<p>O governador Camilo Santana inaugurou nesta sexta-feira, dia 2 de mar\u00e7o, dois Centros Cearenses de Idiomas, sendo um na Capital e outro no munic\u00edpio de Crate\u00fas. Cada Centro ofertar\u00e1 cursos gratuitos de Ingl\u00eas e Espanhol voltados a estudantes matriculados na rede p\u00fablica estadual de ensino. O primeiro centro foi instalado no Shopping Benfica. At\u00e9 o fim de abril, est\u00e1 previsto o in\u00edcio do funcionamento de mais cinco em quatro outros shoppings de Fortaleza e outra unidade no Conjunto Cear\u00e1.&hellip;<\/p>\n","protected":false},"author":1,"featured_media":0,"comment_status":"open","ping_status":"open","sticky":false,"template":"","format":"standard","meta":{"footnotes":""},"categories":[1],"tags":[],"class_list":["post-8357","post","type-post","status-publish","format-standard","hentry","category-noticias"],"_links":{"self":[{"href":"https:\/\/blogdorogeriogomes.com.br\/noticias\/wp-json\/wp\/v2\/posts\/8357","targetHints":{"allow":["GET"]}}],"collection":[{"href":"https:\/\/blogdorogeriogomes.com.br\/noticias\/wp-json\/wp\/v2\/posts"}],"about":[{"href":"https:\/\/blogdorogeriogomes.com.br\/noticias\/wp-json\/wp\/v2\/types\/post"}],"author":[{"embeddable":true,"href":"https:\/\/blogdorogeriogomes.com.br\/noticias\/wp-json\/wp\/v2\/users\/1"}],"replies":[{"embeddable":true,"href":"https:\/\/blogdorogeriogomes.com.br\/noticias\/wp-json\/wp\/v2\/comments?post=8357"}],"version-history":[{"count":1,"href":"https:\/\/blogdorogeriogomes.com.br\/noticias\/wp-json\/wp\/v2\/posts\/8357\/revisions"}],"predecessor-version":[{"id":8360,"href":"https:\/\/blogdorogeriogomes.com.br\/noticias\/wp-json\/wp\/v2\/posts\/8357\/revisions\/8360"}],"wp:attachment":[{"href":"https:\/\/blogdorogeriogomes.com.br\/noticias\/wp-json\/wp\/v2\/media?parent=8357"}],"wp:term":[{"taxonomy":"category","embeddable":true,"href":"https:\/\/blogdorogeriogomes.com.br\/noticias\/wp-json\/wp\/v2\/categories?post=8357"},{"taxonomy":"post_tag","embeddable":true,"href":"https:\/\/blogdorogeriogomes.com.br\/noticias\/wp-json\/wp\/v2\/tags?post=8357"}],"curies":[{"name":"wp","href":"https:\/\/api.w.org\/{rel}","templated":true}]}}