{"id":8361,"date":"2018-03-02T21:31:51","date_gmt":"2018-03-02T21:31:51","guid":{"rendered":"http:\/\/blogdorogeriogomes.com.br\/?p=8361"},"modified":"2018-03-02T21:31:51","modified_gmt":"2018-03-02T21:31:51","slug":"fachin-inclui-michel-temer-como-investigado-no-caso-odebrecht","status":"publish","type":"post","link":"https:\/\/blogdorogeriogomes.com.br\/noticias\/2018\/03\/fachin-inclui-michel-temer-como-investigado-no-caso-odebrecht\/","title":{"rendered":"Fachin inclui Michel Temer como investigado no caso Odebrecht"},"content":{"rendered":"<p><img loading=\"lazy\" decoding=\"async\" class=\"alignnone size-medium wp-image-8004\" src=\"http:\/\/blogdorogeriogomes.com.br\/wp-content\/uploads\/2018\/01\/images-7-300x180.jpeg\" alt=\"images (7)\" width=\"300\" height=\"180\" srcset=\"https:\/\/blogdorogeriogomes.com.br\/noticias\/wp-content\/uploads\/2018\/01\/images-7-300x180.jpeg 300w, https:\/\/blogdorogeriogomes.com.br\/noticias\/wp-content\/uploads\/2018\/01\/images-7.jpeg 495w\" sizes=\"auto, (max-width: 300px) 100vw, 300px\" \/><\/p>\n<p>O ministro do STF, Edson Fachin, incluiu, a pedido da Procuradoria-Geral da Rep\u00fablica (PGR), o presidente da Rep\u00fablica, Michel Temer, como investigado em um inqu\u00e9rito que apura suspeitas de repasses de propinas da Odebrecht para campanhas eleitorais do MDB em troca de favorecimento \u00e0 empresa. J\u00e1 eram investigados no caso os ministros Eliseu Padilha (Casa Civil) e Moreira Franco (Secretaria-Geral da Presid\u00eancia). O inqu\u00e9rito foi aberto em abril de 2017 com base nas dela\u00e7\u00f5es de executivos e ex-executivos da Odebrecht.<\/p>\n","protected":false},"excerpt":{"rendered":"<p>O ministro do STF, Edson Fachin, incluiu, a pedido da Procuradoria-Geral da Rep\u00fablica (PGR), o presidente da Rep\u00fablica, Michel Temer, como investigado em um inqu\u00e9rito que apura suspeitas de repasses de propinas da Odebrecht para campanhas eleitorais do MDB em troca de favorecimento \u00e0 empresa. J\u00e1 eram investigados no caso os ministros Eliseu Padilha (Casa Civil) e Moreira Franco (Secretaria-Geral da Presid\u00eancia). O inqu\u00e9rito foi aberto em abril de 2017 com base nas dela\u00e7\u00f5es de executivos e ex-executivos da&hellip;<\/p>\n","protected":false},"author":1,"featured_media":0,"comment_status":"open","ping_status":"open","sticky":false,"template":"","format":"standard","meta":{"footnotes":""},"categories":[1],"tags":[],"class_list":["post-8361","post","type-post","status-publish","format-standard","hentry","category-noticias"],"_links":{"self":[{"href":"https:\/\/blogdorogeriogomes.com.br\/noticias\/wp-json\/wp\/v2\/posts\/8361","targetHints":{"allow":["GET"]}}],"collection":[{"href":"https:\/\/blogdorogeriogomes.com.br\/noticias\/wp-json\/wp\/v2\/posts"}],"about":[{"href":"https:\/\/blogdorogeriogomes.com.br\/noticias\/wp-json\/wp\/v2\/types\/post"}],"author":[{"embeddable":true,"href":"https:\/\/blogdorogeriogomes.com.br\/noticias\/wp-json\/wp\/v2\/users\/1"}],"replies":[{"embeddable":true,"href":"https:\/\/blogdorogeriogomes.com.br\/noticias\/wp-json\/wp\/v2\/comments?post=8361"}],"version-history":[{"count":1,"href":"https:\/\/blogdorogeriogomes.com.br\/noticias\/wp-json\/wp\/v2\/posts\/8361\/revisions"}],"predecessor-version":[{"id":8362,"href":"https:\/\/blogdorogeriogomes.com.br\/noticias\/wp-json\/wp\/v2\/posts\/8361\/revisions\/8362"}],"wp:attachment":[{"href":"https:\/\/blogdorogeriogomes.com.br\/noticias\/wp-json\/wp\/v2\/media?parent=8361"}],"wp:term":[{"taxonomy":"category","embeddable":true,"href":"https:\/\/blogdorogeriogomes.com.br\/noticias\/wp-json\/wp\/v2\/categories?post=8361"},{"taxonomy":"post_tag","embeddable":true,"href":"https:\/\/blogdorogeriogomes.com.br\/noticias\/wp-json\/wp\/v2\/tags?post=8361"}],"curies":[{"name":"wp","href":"https:\/\/api.w.org\/{rel}","templated":true}]}}