{"id":8366,"date":"2018-03-03T12:34:14","date_gmt":"2018-03-03T12:34:14","guid":{"rendered":"http:\/\/blogdorogeriogomes.com.br\/?p=8366"},"modified":"2018-03-03T12:34:14","modified_gmt":"2018-03-03T12:34:14","slug":"tasso-jereissati-quer-fechar-a-chapa-de-oposicao-ate-o-fim-de-marco","status":"publish","type":"post","link":"https:\/\/blogdorogeriogomes.com.br\/noticias\/2018\/03\/tasso-jereissati-quer-fechar-a-chapa-de-oposicao-ate-o-fim-de-marco\/","title":{"rendered":"Tasso Jereissati quer fechar a chapa de oposi\u00e7\u00e3o at\u00e9 o fim de mar\u00e7o"},"content":{"rendered":"<p><img loading=\"lazy\" decoding=\"async\" class=\"alignnone size-medium wp-image-8367\" src=\"http:\/\/blogdorogeriogomes.com.br\/wp-content\/uploads\/2018\/03\/images-39-300x218.jpeg\" alt=\"images (39)\" width=\"300\" height=\"218\" srcset=\"https:\/\/blogdorogeriogomes.com.br\/noticias\/wp-content\/uploads\/2018\/03\/images-39-300x218.jpeg 300w, https:\/\/blogdorogeriogomes.com.br\/noticias\/wp-content\/uploads\/2018\/03\/images-39.jpeg 450w\" sizes=\"auto, (max-width: 300px) 100vw, 300px\" \/><\/p>\n<p>Principal lideran\u00e7a pol\u00edtica da oposi\u00e7\u00e3o ao Governo Camilo Santana, caber\u00e1 ao senador Tasso Jereissati (PSDB) dar a palavra final sobre quem ser\u00e1 o candidato a enfrentar o atual governador em outubro. O deputado estadual Capit\u00e3o Wagner Souza j\u00e1 lan\u00e7ou o nome dele como pr\u00e9 candidato, mas o aval de Tasso \u00e9 fundamental para garantir, principalmente, o apoio financeiro.<br \/>\nTasso participou na sexta-feira, dia 2 de mar\u00e7o, do lan\u00e7amento do Renasce. Um movimento liderado por jovens empres\u00e1rios e profissionais liberais. O senador tucano fez uma palestra para o grupo.<br \/>\nTasso prometeu que at\u00e9 o fim de mar\u00e7o, os partidos de oposi\u00e7\u00e3o devem fechar uma chapa para enfrentar o grupo de Camilo Santana (PT), que tem o apoio dos Ferreira Gomes (PDT) e, ao que tudo indica, o MDB do senador Eun\u00edcio Oliveira.<br \/>\nO problema \u00e9 que a oposi\u00e7\u00e3o vem sofrendo seguidas baixas. O PR, agora presidido pela deputada federal Gorete Pereira, veio para o lado de Camilo. O DEM, de Chiquinho Feitosa e Moroni Torgan, tamb\u00e9m querem continuar com o Governo.<\/p>\n","protected":false},"excerpt":{"rendered":"<p>Principal lideran\u00e7a pol\u00edtica da oposi\u00e7\u00e3o ao Governo Camilo Santana, caber\u00e1 ao senador Tasso Jereissati (PSDB) dar a palavra final sobre quem ser\u00e1 o candidato a enfrentar o atual governador em outubro. O deputado estadual Capit\u00e3o Wagner Souza j\u00e1 lan\u00e7ou o nome dele como pr\u00e9 candidato, mas o aval de Tasso \u00e9 fundamental para garantir, principalmente, o apoio financeiro. Tasso participou na sexta-feira, dia 2 de mar\u00e7o, do lan\u00e7amento do Renasce. Um movimento liderado por jovens empres\u00e1rios e profissionais liberais.&hellip;<\/p>\n","protected":false},"author":1,"featured_media":0,"comment_status":"open","ping_status":"open","sticky":false,"template":"","format":"standard","meta":{"footnotes":""},"categories":[1],"tags":[],"class_list":["post-8366","post","type-post","status-publish","format-standard","hentry","category-noticias"],"_links":{"self":[{"href":"https:\/\/blogdorogeriogomes.com.br\/noticias\/wp-json\/wp\/v2\/posts\/8366","targetHints":{"allow":["GET"]}}],"collection":[{"href":"https:\/\/blogdorogeriogomes.com.br\/noticias\/wp-json\/wp\/v2\/posts"}],"about":[{"href":"https:\/\/blogdorogeriogomes.com.br\/noticias\/wp-json\/wp\/v2\/types\/post"}],"author":[{"embeddable":true,"href":"https:\/\/blogdorogeriogomes.com.br\/noticias\/wp-json\/wp\/v2\/users\/1"}],"replies":[{"embeddable":true,"href":"https:\/\/blogdorogeriogomes.com.br\/noticias\/wp-json\/wp\/v2\/comments?post=8366"}],"version-history":[{"count":1,"href":"https:\/\/blogdorogeriogomes.com.br\/noticias\/wp-json\/wp\/v2\/posts\/8366\/revisions"}],"predecessor-version":[{"id":8368,"href":"https:\/\/blogdorogeriogomes.com.br\/noticias\/wp-json\/wp\/v2\/posts\/8366\/revisions\/8368"}],"wp:attachment":[{"href":"https:\/\/blogdorogeriogomes.com.br\/noticias\/wp-json\/wp\/v2\/media?parent=8366"}],"wp:term":[{"taxonomy":"category","embeddable":true,"href":"https:\/\/blogdorogeriogomes.com.br\/noticias\/wp-json\/wp\/v2\/categories?post=8366"},{"taxonomy":"post_tag","embeddable":true,"href":"https:\/\/blogdorogeriogomes.com.br\/noticias\/wp-json\/wp\/v2\/tags?post=8366"}],"curies":[{"name":"wp","href":"https:\/\/api.w.org\/{rel}","templated":true}]}}