{"id":8369,"date":"2018-03-05T09:00:08","date_gmt":"2018-03-05T09:00:08","guid":{"rendered":"http:\/\/blogdorogeriogomes.com.br\/?p=8369"},"modified":"2018-03-05T09:00:08","modified_gmt":"2018-03-05T09:00:08","slug":"camara-municipal-de-fortaleza-deve-adotar-novo-horario-para-as-sessoes-em-plenario","status":"publish","type":"post","link":"https:\/\/blogdorogeriogomes.com.br\/noticias\/2018\/03\/camara-municipal-de-fortaleza-deve-adotar-novo-horario-para-as-sessoes-em-plenario\/","title":{"rendered":"C\u00e2mara Municipal de Fortaleza deve adotar novo hor\u00e1rio para as sess\u00f5es em plen\u00e1rio"},"content":{"rendered":"<p><img loading=\"lazy\" decoding=\"async\" class=\"alignnone size-medium wp-image-8370\" src=\"http:\/\/blogdorogeriogomes.com.br\/wp-content\/uploads\/2018\/03\/sssss-300x199.jpg\" alt=\"sssss\" width=\"300\" height=\"199\" srcset=\"https:\/\/blogdorogeriogomes.com.br\/noticias\/wp-content\/uploads\/2018\/03\/sssss-300x199.jpg 300w, https:\/\/blogdorogeriogomes.com.br\/noticias\/wp-content\/uploads\/2018\/03\/sssss-768x510.jpg 768w, https:\/\/blogdorogeriogomes.com.br\/noticias\/wp-content\/uploads\/2018\/03\/sssss-1024x680.jpg 1024w, https:\/\/blogdorogeriogomes.com.br\/noticias\/wp-content\/uploads\/2018\/03\/sssss.jpg 1068w\" sizes=\"auto, (max-width: 300px) 100vw, 300px\" \/><\/p>\n<p><span style=\"font-weight: 400;\">Com o objetivo de evitar o esvaziamento do plen\u00e1rio, que vem acontecendo nas sess\u00f5es pela manh\u00e3, a Mesa Diretora da C\u00e2mara Municipal de Fortaleza deve adotar um novo hor\u00e1rio: a partir das 14h30min. <\/span><\/p>\n<p><span style=\"font-weight: 400;\">O presidente Salmito Filho definiu a altera\u00e7\u00e3o no hor\u00e1rio da realiza\u00e7\u00e3o das sess\u00f5es ordin\u00e1rias como uma das prioridades da Casa para este semestre.<\/span><\/p>\n<p><span style=\"font-weight: 400;\">Pela manh\u00e3 ficam as reuni\u00f5es das Comiss\u00f5es T\u00e9cnicas, audi\u00eancias p\u00fablicas e as visitas \u00e0s Secretarias do Poder Executivo de Fortaleza. As sess\u00f5es ordin\u00e1rias no per\u00edodo da tarde e, \u00e0 noite, a realiza\u00e7\u00e3o das sess\u00f5es solenes.<\/span><\/p>\n<p><span style=\"font-weight: 400;\">Na forma como \u00e9 hoje, ap\u00f3s o hor\u00e1rio de abertura dos trabalhos, \u00e0s 9h30min, as sess\u00f5es come\u00e7am a se esvaziar por volta das 12h30min com poucos parlamentares no plen\u00e1rio. A produtividade da Casa fica em baixa.<\/span><\/p>\n","protected":false},"excerpt":{"rendered":"<p>Com o objetivo de evitar o esvaziamento do plen\u00e1rio, que vem acontecendo nas sess\u00f5es pela manh\u00e3, a Mesa Diretora da C\u00e2mara Municipal de Fortaleza deve adotar um novo hor\u00e1rio: a partir das 14h30min. O presidente Salmito Filho definiu a altera\u00e7\u00e3o no hor\u00e1rio da realiza\u00e7\u00e3o das sess\u00f5es ordin\u00e1rias como uma das prioridades da Casa para este semestre. Pela manh\u00e3 ficam as reuni\u00f5es das Comiss\u00f5es T\u00e9cnicas, audi\u00eancias p\u00fablicas e as visitas \u00e0s Secretarias do Poder Executivo de Fortaleza. As sess\u00f5es ordin\u00e1rias&hellip;<\/p>\n","protected":false},"author":1,"featured_media":0,"comment_status":"open","ping_status":"open","sticky":false,"template":"","format":"standard","meta":{"footnotes":""},"categories":[1],"tags":[],"class_list":["post-8369","post","type-post","status-publish","format-standard","hentry","category-noticias"],"_links":{"self":[{"href":"https:\/\/blogdorogeriogomes.com.br\/noticias\/wp-json\/wp\/v2\/posts\/8369","targetHints":{"allow":["GET"]}}],"collection":[{"href":"https:\/\/blogdorogeriogomes.com.br\/noticias\/wp-json\/wp\/v2\/posts"}],"about":[{"href":"https:\/\/blogdorogeriogomes.com.br\/noticias\/wp-json\/wp\/v2\/types\/post"}],"author":[{"embeddable":true,"href":"https:\/\/blogdorogeriogomes.com.br\/noticias\/wp-json\/wp\/v2\/users\/1"}],"replies":[{"embeddable":true,"href":"https:\/\/blogdorogeriogomes.com.br\/noticias\/wp-json\/wp\/v2\/comments?post=8369"}],"version-history":[{"count":1,"href":"https:\/\/blogdorogeriogomes.com.br\/noticias\/wp-json\/wp\/v2\/posts\/8369\/revisions"}],"predecessor-version":[{"id":8371,"href":"https:\/\/blogdorogeriogomes.com.br\/noticias\/wp-json\/wp\/v2\/posts\/8369\/revisions\/8371"}],"wp:attachment":[{"href":"https:\/\/blogdorogeriogomes.com.br\/noticias\/wp-json\/wp\/v2\/media?parent=8369"}],"wp:term":[{"taxonomy":"category","embeddable":true,"href":"https:\/\/blogdorogeriogomes.com.br\/noticias\/wp-json\/wp\/v2\/categories?post=8369"},{"taxonomy":"post_tag","embeddable":true,"href":"https:\/\/blogdorogeriogomes.com.br\/noticias\/wp-json\/wp\/v2\/tags?post=8369"}],"curies":[{"name":"wp","href":"https:\/\/api.w.org\/{rel}","templated":true}]}}