{"id":8378,"date":"2018-03-05T21:53:20","date_gmt":"2018-03-05T21:53:20","guid":{"rendered":"http:\/\/blogdorogeriogomes.com.br\/?p=8378"},"modified":"2018-03-05T21:53:20","modified_gmt":"2018-03-05T21:53:20","slug":"proposta-de-regulamentacao-de-aplicativos-de-transporte-vai-a-camara-ate-o-fim-de-marco","status":"publish","type":"post","link":"https:\/\/blogdorogeriogomes.com.br\/noticias\/2018\/03\/proposta-de-regulamentacao-de-aplicativos-de-transporte-vai-a-camara-ate-o-fim-de-marco\/","title":{"rendered":"Proposta de regulamenta\u00e7\u00e3o de aplicativos de transporte vai \u00e0 C\u00e2mara at\u00e9 o fim de mar\u00e7o"},"content":{"rendered":"<p><img loading=\"lazy\" decoding=\"async\" class=\"alignnone size-medium wp-image-8379\" src=\"http:\/\/blogdorogeriogomes.com.br\/wp-content\/uploads\/2018\/03\/images-42-300x200.jpeg\" alt=\"images (42)\" width=\"300\" height=\"200\" srcset=\"https:\/\/blogdorogeriogomes.com.br\/noticias\/wp-content\/uploads\/2018\/03\/images-42-300x200.jpeg 300w, https:\/\/blogdorogeriogomes.com.br\/noticias\/wp-content\/uploads\/2018\/03\/images-42.jpeg 470w\" sizes=\"auto, (max-width: 300px) 100vw, 300px\" \/><\/p>\n<p><span style=\"font-weight: 400;\">Um grupo de trabalho j\u00e1 iniciou a elabora\u00e7\u00e3o do projeto. At\u00e9 o dia 31 de mar\u00e7o, o prefeito de Fortaleza, Roberto Cl\u00e1udio, confirma que o Executivo vai enviar \u00e0 C\u00e2mara Municipal a proposta de regulamenta\u00e7\u00e3o dos aplicativos de transporte na Capital. Tamb\u00e9m haver\u00e1 outro projeto para a amplia\u00e7\u00e3o das vagas de t\u00e1xis regulares.<\/span><\/p>\n<p><span style=\"font-weight: 400;\">Um fato \u00e9 certo. Haver\u00e1 taxa\u00e7\u00e3o e tributa\u00e7\u00e3o para os aplicativos. A Lei Federal, aprovada no Congresso Nacional, prev\u00ea que cabe aos Munic\u00edpios definir pela defini\u00e7\u00e3o da cobran\u00e7a dos tributos.<\/span><\/p>\n<p><span style=\"font-weight: 400;\">O Sinditaxi, que hoje j\u00e1 conta com um aplicativo oferecendo 30% de desconto nas corridas, se mostra otimista com o fim da celeuma com o Uber. Fortaleza conta hoje com 4.886 t\u00e1xis regulamentados, considerados insuficientes para atender a popula\u00e7\u00e3o.<\/span><\/p>\n<p><span style=\"font-weight: 400;\">Com a concorr\u00eancia regulamentada e recolhendo os seus devidos impostos, o usu\u00e1rio s\u00f3 tem a ganhar.<\/span><\/p>\n","protected":false},"excerpt":{"rendered":"<p>Um grupo de trabalho j\u00e1 iniciou a elabora\u00e7\u00e3o do projeto. At\u00e9 o dia 31 de mar\u00e7o, o prefeito de Fortaleza, Roberto Cl\u00e1udio, confirma que o Executivo vai enviar \u00e0 C\u00e2mara Municipal a proposta de regulamenta\u00e7\u00e3o dos aplicativos de transporte na Capital. Tamb\u00e9m haver\u00e1 outro projeto para a amplia\u00e7\u00e3o das vagas de t\u00e1xis regulares. Um fato \u00e9 certo. Haver\u00e1 taxa\u00e7\u00e3o e tributa\u00e7\u00e3o para os aplicativos. A Lei Federal, aprovada no Congresso Nacional, prev\u00ea que cabe aos Munic\u00edpios definir pela defini\u00e7\u00e3o&hellip;<\/p>\n","protected":false},"author":1,"featured_media":0,"comment_status":"open","ping_status":"open","sticky":false,"template":"","format":"standard","meta":{"footnotes":""},"categories":[1],"tags":[],"class_list":["post-8378","post","type-post","status-publish","format-standard","hentry","category-noticias"],"_links":{"self":[{"href":"https:\/\/blogdorogeriogomes.com.br\/noticias\/wp-json\/wp\/v2\/posts\/8378","targetHints":{"allow":["GET"]}}],"collection":[{"href":"https:\/\/blogdorogeriogomes.com.br\/noticias\/wp-json\/wp\/v2\/posts"}],"about":[{"href":"https:\/\/blogdorogeriogomes.com.br\/noticias\/wp-json\/wp\/v2\/types\/post"}],"author":[{"embeddable":true,"href":"https:\/\/blogdorogeriogomes.com.br\/noticias\/wp-json\/wp\/v2\/users\/1"}],"replies":[{"embeddable":true,"href":"https:\/\/blogdorogeriogomes.com.br\/noticias\/wp-json\/wp\/v2\/comments?post=8378"}],"version-history":[{"count":1,"href":"https:\/\/blogdorogeriogomes.com.br\/noticias\/wp-json\/wp\/v2\/posts\/8378\/revisions"}],"predecessor-version":[{"id":8380,"href":"https:\/\/blogdorogeriogomes.com.br\/noticias\/wp-json\/wp\/v2\/posts\/8378\/revisions\/8380"}],"wp:attachment":[{"href":"https:\/\/blogdorogeriogomes.com.br\/noticias\/wp-json\/wp\/v2\/media?parent=8378"}],"wp:term":[{"taxonomy":"category","embeddable":true,"href":"https:\/\/blogdorogeriogomes.com.br\/noticias\/wp-json\/wp\/v2\/categories?post=8378"},{"taxonomy":"post_tag","embeddable":true,"href":"https:\/\/blogdorogeriogomes.com.br\/noticias\/wp-json\/wp\/v2\/tags?post=8378"}],"curies":[{"name":"wp","href":"https:\/\/api.w.org\/{rel}","templated":true}]}}