{"id":8381,"date":"2018-03-06T08:54:29","date_gmt":"2018-03-06T08:54:29","guid":{"rendered":"http:\/\/blogdorogeriogomes.com.br\/?p=8381"},"modified":"2018-03-06T08:54:29","modified_gmt":"2018-03-06T08:54:29","slug":"temer-tem-quebra-de-sigilo-bancario-determinada-pelo-stf","status":"publish","type":"post","link":"https:\/\/blogdorogeriogomes.com.br\/noticias\/2018\/03\/temer-tem-quebra-de-sigilo-bancario-determinada-pelo-stf\/","title":{"rendered":"Temer tem quebra de sigilo banc\u00e1rio determinada pelo STF"},"content":{"rendered":"<p><img loading=\"lazy\" decoding=\"async\" class=\"alignnone size-medium wp-image-8382\" src=\"http:\/\/blogdorogeriogomes.com.br\/wp-content\/uploads\/2018\/03\/images-43-300x180.jpeg\" alt=\"images (43)\" width=\"300\" height=\"180\" srcset=\"https:\/\/blogdorogeriogomes.com.br\/noticias\/wp-content\/uploads\/2018\/03\/images-43-300x180.jpeg 300w, https:\/\/blogdorogeriogomes.com.br\/noticias\/wp-content\/uploads\/2018\/03\/images-43.jpeg 495w\" sizes=\"auto, (max-width: 300px) 100vw, 300px\" \/><\/p>\n<p><span style=\"font-weight: 400;\">O que o Congresso Nacional n\u00e3o permitiu, o STF, em parte, vai fazendo. Investigar den\u00fancias contra o presidente Michel Temer. Pelo menos, a conta gotas. O ministro do Supremo Tribunal Federal, Lu\u00eds Roberto Barroso, determinou a quebra do sigilo banc\u00e1rio de Temer no inqu\u00e9rito que investiga a elabora\u00e7\u00e3o da Medida Provis\u00f3ria dos Portos. A quebra abrange o per\u00edodo de janeiro de 2013 ao fim de junho de 2017.<\/span><span style=\"font-weight: 400;\"><br \/>\n<\/span><span style=\"font-weight: 400;\">Com a decis\u00e3o do ministro, Temer se torna o primeiro presidente em exerc\u00edcio do mandato a ter os dados financeiros acessados por ordem judicial. Tamb\u00e9m ter\u00e3o seus dados investigados mais tr\u00eas ex-assessores do presidente: Jo\u00e3o Baptista Lima Filho (coronel Lima), que \u00e9 tamb\u00e9m amigo pessoal de Temer; Jos\u00e9 Younes, que foi citado em dela\u00e7\u00e3o de L\u00facio Funaro como o homem que lavava o dinheiro de propina que era destinado a Temer; e Rodrigo Rocha Loures, filmado correndo com uma mala com R$ 500 mil.<\/span><\/p>\n","protected":false},"excerpt":{"rendered":"<p>O que o Congresso Nacional n\u00e3o permitiu, o STF, em parte, vai fazendo. Investigar den\u00fancias contra o presidente Michel Temer. Pelo menos, a conta gotas. O ministro do Supremo Tribunal Federal, Lu\u00eds Roberto Barroso, determinou a quebra do sigilo banc\u00e1rio de Temer no inqu\u00e9rito que investiga a elabora\u00e7\u00e3o da Medida Provis\u00f3ria dos Portos. A quebra abrange o per\u00edodo de janeiro de 2013 ao fim de junho de 2017. Com a decis\u00e3o do ministro, Temer se torna o primeiro presidente&hellip;<\/p>\n","protected":false},"author":1,"featured_media":0,"comment_status":"open","ping_status":"open","sticky":false,"template":"","format":"standard","meta":{"footnotes":""},"categories":[1],"tags":[],"class_list":["post-8381","post","type-post","status-publish","format-standard","hentry","category-noticias"],"_links":{"self":[{"href":"https:\/\/blogdorogeriogomes.com.br\/noticias\/wp-json\/wp\/v2\/posts\/8381","targetHints":{"allow":["GET"]}}],"collection":[{"href":"https:\/\/blogdorogeriogomes.com.br\/noticias\/wp-json\/wp\/v2\/posts"}],"about":[{"href":"https:\/\/blogdorogeriogomes.com.br\/noticias\/wp-json\/wp\/v2\/types\/post"}],"author":[{"embeddable":true,"href":"https:\/\/blogdorogeriogomes.com.br\/noticias\/wp-json\/wp\/v2\/users\/1"}],"replies":[{"embeddable":true,"href":"https:\/\/blogdorogeriogomes.com.br\/noticias\/wp-json\/wp\/v2\/comments?post=8381"}],"version-history":[{"count":1,"href":"https:\/\/blogdorogeriogomes.com.br\/noticias\/wp-json\/wp\/v2\/posts\/8381\/revisions"}],"predecessor-version":[{"id":8383,"href":"https:\/\/blogdorogeriogomes.com.br\/noticias\/wp-json\/wp\/v2\/posts\/8381\/revisions\/8383"}],"wp:attachment":[{"href":"https:\/\/blogdorogeriogomes.com.br\/noticias\/wp-json\/wp\/v2\/media?parent=8381"}],"wp:term":[{"taxonomy":"category","embeddable":true,"href":"https:\/\/blogdorogeriogomes.com.br\/noticias\/wp-json\/wp\/v2\/categories?post=8381"},{"taxonomy":"post_tag","embeddable":true,"href":"https:\/\/blogdorogeriogomes.com.br\/noticias\/wp-json\/wp\/v2\/tags?post=8381"}],"curies":[{"name":"wp","href":"https:\/\/api.w.org\/{rel}","templated":true}]}}