{"id":8384,"date":"2018-03-06T09:13:19","date_gmt":"2018-03-06T09:13:19","guid":{"rendered":"http:\/\/blogdorogeriogomes.com.br\/?p=8384"},"modified":"2018-03-06T09:13:19","modified_gmt":"2018-03-06T09:13:19","slug":"empresas-de-porte-medio-terao-de-recolher-o-lixo-que-produzem-em-fortaleza","status":"publish","type":"post","link":"https:\/\/blogdorogeriogomes.com.br\/noticias\/2018\/03\/empresas-de-porte-medio-terao-de-recolher-o-lixo-que-produzem-em-fortaleza\/","title":{"rendered":"Empresas de porte m\u00e9dio ter\u00e3o de recolher o lixo que produzem em Fortaleza"},"content":{"rendered":"<p><img loading=\"lazy\" decoding=\"async\" class=\"alignnone size-medium wp-image-8385\" src=\"http:\/\/blogdorogeriogomes.com.br\/wp-content\/uploads\/2018\/03\/coleta_seletiva_2-300x215.jpg\" alt=\"coleta_seletiva_2\" width=\"300\" height=\"215\" srcset=\"https:\/\/blogdorogeriogomes.com.br\/noticias\/wp-content\/uploads\/2018\/03\/coleta_seletiva_2-300x215.jpg 300w, https:\/\/blogdorogeriogomes.com.br\/noticias\/wp-content\/uploads\/2018\/03\/coleta_seletiva_2.jpg 740w\" sizes=\"auto, (max-width: 300px) 100vw, 300px\" \/><\/p>\n<p>As grandes empresas de Fortaleza j\u00e1 s\u00e3o obrigadas hoje pelo Munic\u00edpio a recolher o pr\u00f3prio lixo que produzem. Precisam apresentar um plano \u00e0 Prefeitura de destina\u00e7\u00e3o dos res\u00edduos. Agora, o prefeito da Capital, Roberto Cl\u00e1udio, determinou que as m\u00e9dias empresas dever\u00e3o seguir o mesmo procedimento. O objetivo \u00e9 reduzir os custos do Poder P\u00fablico com a coleta de lixo da iniciativa privada.<br \/>\nO recolhimento do lixo domiciliar, no entanto, continuar\u00e1 gratuito e sem nenhum tipo de custo para o cidad\u00e3o. Os microempreendimentos apoiados pelo Munic\u00edpio tamb\u00e9m ter\u00e3o a coleta garantida.<br \/>\nPara se ter uma ideia dos n\u00fameros, a Prefeitura de Fortaleza recolheu, em 2017, 545.296 toneladas de lixo produzidas pela iniciativa privada, o que corresponde a 47% de um total de 1,1 toneladas de res\u00edduos.<\/p>\n","protected":false},"excerpt":{"rendered":"<p>As grandes empresas de Fortaleza j\u00e1 s\u00e3o obrigadas hoje pelo Munic\u00edpio a recolher o pr\u00f3prio lixo que produzem. Precisam apresentar um plano \u00e0 Prefeitura de destina\u00e7\u00e3o dos res\u00edduos. Agora, o prefeito da Capital, Roberto Cl\u00e1udio, determinou que as m\u00e9dias empresas dever\u00e3o seguir o mesmo procedimento. O objetivo \u00e9 reduzir os custos do Poder P\u00fablico com a coleta de lixo da iniciativa privada. O recolhimento do lixo domiciliar, no entanto, continuar\u00e1 gratuito e sem nenhum tipo de custo para o&hellip;<\/p>\n","protected":false},"author":1,"featured_media":0,"comment_status":"open","ping_status":"open","sticky":false,"template":"","format":"standard","meta":{"footnotes":""},"categories":[1],"tags":[],"class_list":["post-8384","post","type-post","status-publish","format-standard","hentry","category-noticias"],"_links":{"self":[{"href":"https:\/\/blogdorogeriogomes.com.br\/noticias\/wp-json\/wp\/v2\/posts\/8384","targetHints":{"allow":["GET"]}}],"collection":[{"href":"https:\/\/blogdorogeriogomes.com.br\/noticias\/wp-json\/wp\/v2\/posts"}],"about":[{"href":"https:\/\/blogdorogeriogomes.com.br\/noticias\/wp-json\/wp\/v2\/types\/post"}],"author":[{"embeddable":true,"href":"https:\/\/blogdorogeriogomes.com.br\/noticias\/wp-json\/wp\/v2\/users\/1"}],"replies":[{"embeddable":true,"href":"https:\/\/blogdorogeriogomes.com.br\/noticias\/wp-json\/wp\/v2\/comments?post=8384"}],"version-history":[{"count":1,"href":"https:\/\/blogdorogeriogomes.com.br\/noticias\/wp-json\/wp\/v2\/posts\/8384\/revisions"}],"predecessor-version":[{"id":8386,"href":"https:\/\/blogdorogeriogomes.com.br\/noticias\/wp-json\/wp\/v2\/posts\/8384\/revisions\/8386"}],"wp:attachment":[{"href":"https:\/\/blogdorogeriogomes.com.br\/noticias\/wp-json\/wp\/v2\/media?parent=8384"}],"wp:term":[{"taxonomy":"category","embeddable":true,"href":"https:\/\/blogdorogeriogomes.com.br\/noticias\/wp-json\/wp\/v2\/categories?post=8384"},{"taxonomy":"post_tag","embeddable":true,"href":"https:\/\/blogdorogeriogomes.com.br\/noticias\/wp-json\/wp\/v2\/tags?post=8384"}],"curies":[{"name":"wp","href":"https:\/\/api.w.org\/{rel}","templated":true}]}}