{"id":8387,"date":"2018-03-07T09:22:27","date_gmt":"2018-03-07T09:22:27","guid":{"rendered":"http:\/\/blogdorogeriogomes.com.br\/?p=8387"},"modified":"2018-03-07T09:22:27","modified_gmt":"2018-03-07T09:22:27","slug":"governadores-do-nordeste-propoem-reforco-nas-divisas-para-evitar-migracao-de-criminosos","status":"publish","type":"post","link":"https:\/\/blogdorogeriogomes.com.br\/noticias\/2018\/03\/governadores-do-nordeste-propoem-reforco-nas-divisas-para-evitar-migracao-de-criminosos\/","title":{"rendered":"Governadores do Nordeste prop\u00f5em refor\u00e7o nas divisas para evitar migra\u00e7\u00e3o de criminosos"},"content":{"rendered":"<p><img loading=\"lazy\" decoding=\"async\" class=\"alignnone size-medium wp-image-8389\" src=\"http:\/\/blogdorogeriogomes.com.br\/wp-content\/uploads\/2018\/03\/180306_REUNIAO-GOV_PIAUI_E8FD704436E2-1-300x200.jpeg\" alt=\"180306_REUNIAO-GOV_PIAUI_E8FD704436E2-1\" width=\"300\" height=\"200\" srcset=\"https:\/\/blogdorogeriogomes.com.br\/noticias\/wp-content\/uploads\/2018\/03\/180306_REUNIAO-GOV_PIAUI_E8FD704436E2-1-300x200.jpeg 300w, https:\/\/blogdorogeriogomes.com.br\/noticias\/wp-content\/uploads\/2018\/03\/180306_REUNIAO-GOV_PIAUI_E8FD704436E2-1-768x511.jpeg 768w, https:\/\/blogdorogeriogomes.com.br\/noticias\/wp-content\/uploads\/2018\/03\/180306_REUNIAO-GOV_PIAUI_E8FD704436E2-1-1024x682.jpeg 1024w, https:\/\/blogdorogeriogomes.com.br\/noticias\/wp-content\/uploads\/2018\/03\/180306_REUNIAO-GOV_PIAUI_E8FD704436E2-1.jpeg 1152w\" sizes=\"auto, (max-width: 300px) 100vw, 300px\" \/><\/p>\n<p><span style=\"font-weight: 400;\">Governadores do Nordeste se reuniram em Teresina, no Piau\u00ed, e prop\u00f5em uma for\u00e7a-tarefa entre os estados para evitar a migra\u00e7\u00e3o de criminosos que venham em fuga do Rio de Janeiro, ap\u00f3s a interven\u00e7\u00e3o militar. A ideia \u00e9 fazer um refor\u00e7o conjunto nas divisas dos estados nordestinos. No Cear\u00e1 deve ser seriado o Centro de Intelig\u00eancia da Pol\u00edcia Federal do Nordeste.<\/span><\/p>\n<p><span style=\"font-weight: 400;\">O governador do Cear\u00e1, Camilo Santana, avalia que \u00e9 necess\u00e1rio promover uma integra\u00e7\u00e3o de todas as for\u00e7as de seguran\u00e7a, compartilha de informa\u00e7\u00f5es, comunica\u00e7\u00e3o e efetivos de plant\u00e3o nas divisas estaduais. Ficou acertado na reuni\u00e3o que cada estado se compromete a destacar cinco equipes da Pol\u00edcia Militar e duas equipes da Pol\u00edcia Civil em cinco e duas viaturas para executar, especificamente, essas a\u00e7\u00f5es.<\/span><\/p>\n<p><span style=\"font-weight: 400;\">Tamb\u00e9m ficou acertada a defesa dos governadores na cria\u00e7\u00e3o do Fundo Nacional de Seguran\u00e7a P\u00fablica no Congresso Nacional, que seria financiado por recursos oriundos das loterias da Caixa Econ\u00f4mica Federal.<\/span><\/p>\n","protected":false},"excerpt":{"rendered":"<p>Governadores do Nordeste se reuniram em Teresina, no Piau\u00ed, e prop\u00f5em uma for\u00e7a-tarefa entre os estados para evitar a migra\u00e7\u00e3o de criminosos que venham em fuga do Rio de Janeiro, ap\u00f3s a interven\u00e7\u00e3o militar. A ideia \u00e9 fazer um refor\u00e7o conjunto nas divisas dos estados nordestinos. No Cear\u00e1 deve ser seriado o Centro de Intelig\u00eancia da Pol\u00edcia Federal do Nordeste. O governador do Cear\u00e1, Camilo Santana, avalia que \u00e9 necess\u00e1rio promover uma integra\u00e7\u00e3o de todas as for\u00e7as de seguran\u00e7a,&hellip;<\/p>\n","protected":false},"author":1,"featured_media":0,"comment_status":"open","ping_status":"open","sticky":false,"template":"","format":"standard","meta":{"footnotes":""},"categories":[1],"tags":[],"class_list":["post-8387","post","type-post","status-publish","format-standard","hentry","category-noticias"],"_links":{"self":[{"href":"https:\/\/blogdorogeriogomes.com.br\/noticias\/wp-json\/wp\/v2\/posts\/8387","targetHints":{"allow":["GET"]}}],"collection":[{"href":"https:\/\/blogdorogeriogomes.com.br\/noticias\/wp-json\/wp\/v2\/posts"}],"about":[{"href":"https:\/\/blogdorogeriogomes.com.br\/noticias\/wp-json\/wp\/v2\/types\/post"}],"author":[{"embeddable":true,"href":"https:\/\/blogdorogeriogomes.com.br\/noticias\/wp-json\/wp\/v2\/users\/1"}],"replies":[{"embeddable":true,"href":"https:\/\/blogdorogeriogomes.com.br\/noticias\/wp-json\/wp\/v2\/comments?post=8387"}],"version-history":[{"count":1,"href":"https:\/\/blogdorogeriogomes.com.br\/noticias\/wp-json\/wp\/v2\/posts\/8387\/revisions"}],"predecessor-version":[{"id":8390,"href":"https:\/\/blogdorogeriogomes.com.br\/noticias\/wp-json\/wp\/v2\/posts\/8387\/revisions\/8390"}],"wp:attachment":[{"href":"https:\/\/blogdorogeriogomes.com.br\/noticias\/wp-json\/wp\/v2\/media?parent=8387"}],"wp:term":[{"taxonomy":"category","embeddable":true,"href":"https:\/\/blogdorogeriogomes.com.br\/noticias\/wp-json\/wp\/v2\/categories?post=8387"},{"taxonomy":"post_tag","embeddable":true,"href":"https:\/\/blogdorogeriogomes.com.br\/noticias\/wp-json\/wp\/v2\/tags?post=8387"}],"curies":[{"name":"wp","href":"https:\/\/api.w.org\/{rel}","templated":true}]}}