{"id":8391,"date":"2018-03-07T09:28:23","date_gmt":"2018-03-07T09:28:23","guid":{"rendered":"http:\/\/blogdorogeriogomes.com.br\/?p=8391"},"modified":"2018-03-07T09:31:55","modified_gmt":"2018-03-07T09:31:55","slug":"8391","status":"publish","type":"post","link":"https:\/\/blogdorogeriogomes.com.br\/noticias\/2018\/03\/8391\/","title":{"rendered":"Justi\u00e7a suspende decreto que reduz carga hor\u00e1ria de professores de Ic\u00f3"},"content":{"rendered":"<p><img loading=\"lazy\" decoding=\"async\" class=\"alignnone size-medium wp-image-8392\" src=\"http:\/\/blogdorogeriogomes.com.br\/wp-content\/uploads\/2018\/03\/unnamed-7-300x197.jpg\" alt=\"unnamed (7)\" width=\"300\" height=\"197\" srcset=\"https:\/\/blogdorogeriogomes.com.br\/noticias\/wp-content\/uploads\/2018\/03\/unnamed-7-300x197.jpg 300w, https:\/\/blogdorogeriogomes.com.br\/noticias\/wp-content\/uploads\/2018\/03\/unnamed-7.jpg 473w\" sizes=\"auto, (max-width: 300px) 100vw, 300px\" \/><\/p>\n<p>Depois de muita confus\u00e3o nos \u00faltimos dias envolvendo professores municipais e a Policia Militar, o juiz Bruno Gomes Benigno Sobral, que responde pela Vara \u00danica da Comarca de Ic\u00f3, na Regi\u00e3o Centro-Sul do Cear\u00e1, concedeu, em car\u00e1ter liminar, a suspens\u00e3o de decreto municipal que revogava a amplia\u00e7\u00e3o definitiva da carga hor\u00e1ria dos professores do Munic\u00edpio, concedida em decreto publicado em 2015.<\/p>\n<p>Conforme o Tribunal de Justi\u00e7a do Estado do Cear\u00e1, o Sindicato dos Servidores P\u00fablicos Municipais de Ic\u00f3 impetrou mandado de seguran\u00e7a contra a Prefeitura do Munic\u00edpio, com pedido de liminar para assegurar os efeitos da amplia\u00e7\u00e3o da carga hor\u00e1ria e a suspens\u00e3o do novo decreto, de 15 de fevereiro deste ano, pois a administra\u00e7\u00e3o n\u00e3o teria observado o devido processo legal em rela\u00e7\u00e3o aos servidores impactados pela redu\u00e7\u00e3o.<\/p>\n","protected":false},"excerpt":{"rendered":"<p>Depois de muita confus\u00e3o nos \u00faltimos dias envolvendo professores municipais e a Policia Militar, o juiz Bruno Gomes Benigno Sobral, que responde pela Vara \u00danica da Comarca de Ic\u00f3, na Regi\u00e3o Centro-Sul do Cear\u00e1, concedeu, em car\u00e1ter liminar, a suspens\u00e3o de decreto municipal que revogava a amplia\u00e7\u00e3o definitiva da carga hor\u00e1ria dos professores do Munic\u00edpio, concedida em decreto publicado em 2015. Conforme o Tribunal de Justi\u00e7a do Estado do Cear\u00e1, o Sindicato dos Servidores P\u00fablicos Municipais de Ic\u00f3 impetrou&hellip;<\/p>\n","protected":false},"author":1,"featured_media":0,"comment_status":"open","ping_status":"open","sticky":false,"template":"","format":"standard","meta":{"footnotes":""},"categories":[1],"tags":[],"class_list":["post-8391","post","type-post","status-publish","format-standard","hentry","category-noticias"],"_links":{"self":[{"href":"https:\/\/blogdorogeriogomes.com.br\/noticias\/wp-json\/wp\/v2\/posts\/8391","targetHints":{"allow":["GET"]}}],"collection":[{"href":"https:\/\/blogdorogeriogomes.com.br\/noticias\/wp-json\/wp\/v2\/posts"}],"about":[{"href":"https:\/\/blogdorogeriogomes.com.br\/noticias\/wp-json\/wp\/v2\/types\/post"}],"author":[{"embeddable":true,"href":"https:\/\/blogdorogeriogomes.com.br\/noticias\/wp-json\/wp\/v2\/users\/1"}],"replies":[{"embeddable":true,"href":"https:\/\/blogdorogeriogomes.com.br\/noticias\/wp-json\/wp\/v2\/comments?post=8391"}],"version-history":[{"count":3,"href":"https:\/\/blogdorogeriogomes.com.br\/noticias\/wp-json\/wp\/v2\/posts\/8391\/revisions"}],"predecessor-version":[{"id":8395,"href":"https:\/\/blogdorogeriogomes.com.br\/noticias\/wp-json\/wp\/v2\/posts\/8391\/revisions\/8395"}],"wp:attachment":[{"href":"https:\/\/blogdorogeriogomes.com.br\/noticias\/wp-json\/wp\/v2\/media?parent=8391"}],"wp:term":[{"taxonomy":"category","embeddable":true,"href":"https:\/\/blogdorogeriogomes.com.br\/noticias\/wp-json\/wp\/v2\/categories?post=8391"},{"taxonomy":"post_tag","embeddable":true,"href":"https:\/\/blogdorogeriogomes.com.br\/noticias\/wp-json\/wp\/v2\/tags?post=8391"}],"curies":[{"name":"wp","href":"https:\/\/api.w.org\/{rel}","templated":true}]}}