{"id":8396,"date":"2018-03-07T09:49:59","date_gmt":"2018-03-07T09:49:59","guid":{"rendered":"http:\/\/blogdorogeriogomes.com.br\/?p=8396"},"modified":"2018-03-07T09:49:59","modified_gmt":"2018-03-07T09:49:59","slug":"professores-do-estado-vao-ser-promovidos-a-partir-de-maio","status":"publish","type":"post","link":"https:\/\/blogdorogeriogomes.com.br\/noticias\/2018\/03\/professores-do-estado-vao-ser-promovidos-a-partir-de-maio\/","title":{"rendered":"Professores do Estado v\u00e3o ser promovidos a partir de maio"},"content":{"rendered":"<p><img loading=\"lazy\" decoding=\"async\" class=\"alignnone size-medium wp-image-8397\" src=\"http:\/\/blogdorogeriogomes.com.br\/wp-content\/uploads\/2018\/03\/images-44-300x153.jpeg\" alt=\"images (44)\" width=\"300\" height=\"153\" srcset=\"https:\/\/blogdorogeriogomes.com.br\/noticias\/wp-content\/uploads\/2018\/03\/images-44-300x153.jpeg 300w, https:\/\/blogdorogeriogomes.com.br\/noticias\/wp-content\/uploads\/2018\/03\/images-44.jpeg 537w\" sizes=\"auto, (max-width: 300px) 100vw, 300px\" \/><\/p>\n<p><span style=\"font-weight: 400;\">O pagamento da promo\u00e7\u00e3o por titula\u00e7\u00e3o de 1.731 professores da rede estadual de educa\u00e7\u00e3o ser\u00e1 realizado no primeiro dia \u00fatil do pr\u00f3ximo m\u00eas de maio, segundo a Secretaria de Educa\u00e7\u00e3o do Cear\u00e1. A promo\u00e7\u00e3o dos servidores representa aumento da folha de pagamento de at\u00e9 R$ 2 milh\u00f5es e 100 mil por m\u00eas.<\/span><\/p>\n<p><span style=\"font-weight: 400;\">O secret\u00e1rio da Educa\u00e7\u00e3o do Estado, Idilvan Alencar, ainda conversa com o Sindicato Apeoc uma proposta de aumento diferenciado dos professores para 2018.<\/span><\/p>\n<p><span style=\"font-weight: 400;\">Nesta quinta-feira, dia 8 de mar\u00e7o, o Governo do Estado o balan\u00e7o dos alunos da rede estadual que ingressaram no Ensino Superior por meio do Exame Nacional do Ensino M\u00e9dio (Enem) de 2017 e do Sistema de Sele\u00e7\u00e3o Unificada (Sisu). H\u00e1 informa\u00e7\u00f5es de crescimento no n\u00famero de aprovados em rela\u00e7\u00e3o a anos anteriores.<\/span><\/p>\n","protected":false},"excerpt":{"rendered":"<p>O pagamento da promo\u00e7\u00e3o por titula\u00e7\u00e3o de 1.731 professores da rede estadual de educa\u00e7\u00e3o ser\u00e1 realizado no primeiro dia \u00fatil do pr\u00f3ximo m\u00eas de maio, segundo a Secretaria de Educa\u00e7\u00e3o do Cear\u00e1. A promo\u00e7\u00e3o dos servidores representa aumento da folha de pagamento de at\u00e9 R$ 2 milh\u00f5es e 100 mil por m\u00eas. O secret\u00e1rio da Educa\u00e7\u00e3o do Estado, Idilvan Alencar, ainda conversa com o Sindicato Apeoc uma proposta de aumento diferenciado dos professores para 2018. Nesta quinta-feira, dia 8&hellip;<\/p>\n","protected":false},"author":1,"featured_media":0,"comment_status":"open","ping_status":"open","sticky":false,"template":"","format":"standard","meta":{"footnotes":""},"categories":[1],"tags":[],"class_list":["post-8396","post","type-post","status-publish","format-standard","hentry","category-noticias"],"_links":{"self":[{"href":"https:\/\/blogdorogeriogomes.com.br\/noticias\/wp-json\/wp\/v2\/posts\/8396","targetHints":{"allow":["GET"]}}],"collection":[{"href":"https:\/\/blogdorogeriogomes.com.br\/noticias\/wp-json\/wp\/v2\/posts"}],"about":[{"href":"https:\/\/blogdorogeriogomes.com.br\/noticias\/wp-json\/wp\/v2\/types\/post"}],"author":[{"embeddable":true,"href":"https:\/\/blogdorogeriogomes.com.br\/noticias\/wp-json\/wp\/v2\/users\/1"}],"replies":[{"embeddable":true,"href":"https:\/\/blogdorogeriogomes.com.br\/noticias\/wp-json\/wp\/v2\/comments?post=8396"}],"version-history":[{"count":1,"href":"https:\/\/blogdorogeriogomes.com.br\/noticias\/wp-json\/wp\/v2\/posts\/8396\/revisions"}],"predecessor-version":[{"id":8398,"href":"https:\/\/blogdorogeriogomes.com.br\/noticias\/wp-json\/wp\/v2\/posts\/8396\/revisions\/8398"}],"wp:attachment":[{"href":"https:\/\/blogdorogeriogomes.com.br\/noticias\/wp-json\/wp\/v2\/media?parent=8396"}],"wp:term":[{"taxonomy":"category","embeddable":true,"href":"https:\/\/blogdorogeriogomes.com.br\/noticias\/wp-json\/wp\/v2\/categories?post=8396"},{"taxonomy":"post_tag","embeddable":true,"href":"https:\/\/blogdorogeriogomes.com.br\/noticias\/wp-json\/wp\/v2\/tags?post=8396"}],"curies":[{"name":"wp","href":"https:\/\/api.w.org\/{rel}","templated":true}]}}