{"id":8399,"date":"2018-03-07T10:14:03","date_gmt":"2018-03-07T10:14:03","guid":{"rendered":"http:\/\/blogdorogeriogomes.com.br\/?p=8399"},"modified":"2018-03-07T10:14:03","modified_gmt":"2018-03-07T10:14:03","slug":"defesa-de-lula-ainda-acredita-que-pode-evitar-prisao-no-stf","status":"publish","type":"post","link":"https:\/\/blogdorogeriogomes.com.br\/noticias\/2018\/03\/defesa-de-lula-ainda-acredita-que-pode-evitar-prisao-no-stf\/","title":{"rendered":"Defesa de Lula ainda acredita que pode evitar pris\u00e3o no STF"},"content":{"rendered":"<p><img loading=\"lazy\" decoding=\"async\" class=\"alignnone size-medium wp-image-8401\" src=\"http:\/\/blogdorogeriogomes.com.br\/wp-content\/uploads\/2018\/03\/IMG_20180307_071523-300x213.jpg\" alt=\"IMG_20180307_071523\" width=\"300\" height=\"213\" srcset=\"https:\/\/blogdorogeriogomes.com.br\/noticias\/wp-content\/uploads\/2018\/03\/IMG_20180307_071523-300x213.jpg 300w, https:\/\/blogdorogeriogomes.com.br\/noticias\/wp-content\/uploads\/2018\/03\/IMG_20180307_071523.jpg 750w\" sizes=\"auto, (max-width: 300px) 100vw, 300px\" \/><\/p>\n<p><span style=\"font-weight: 400;\">Depois de ter o habeas corpus preventivo negado pelo Superior Tribunal de Justi\u00e7a (STJ), a defesa do ex-presidente Lula volta as aten\u00e7\u00f5es para o recurso do Supremo Tribunal Federal (STF). A estrat\u00e9gia, comandada pelo criminalista Sep\u00falveda Pertence, \u00e9 garantir que Lula n\u00e3o seja preso.<\/span><\/p>\n<p><span style=\"font-weight: 400;\">A defesa de acredita que os ministros do STF podem entrar num entendimento que a pris\u00e3o ser\u00e1 poss\u00edvel somente ap\u00f3s decis\u00e3o de todos os recursos no STJ, e n\u00e3o da condena\u00e7\u00e3o em segunda inst\u00e2ncia. Isso poderia render uma sobrevida de seis meses a um ano a Lula, que estaria em plena campanha eleitoral.<\/span><\/p>\n<p><span style=\"font-weight: 400;\">A ideia \u00e9 que o petista registre sua candidatura em 15 de agosto, mesmo que esteja preso. Lula diz que usar\u00e1 todos os recursos dispon\u00edveis para garantir sua candidatura \u00e0 Presid\u00eancia.<\/span><\/p>\n","protected":false},"excerpt":{"rendered":"<p>Depois de ter o habeas corpus preventivo negado pelo Superior Tribunal de Justi\u00e7a (STJ), a defesa do ex-presidente Lula volta as aten\u00e7\u00f5es para o recurso do Supremo Tribunal Federal (STF). A estrat\u00e9gia, comandada pelo criminalista Sep\u00falveda Pertence, \u00e9 garantir que Lula n\u00e3o seja preso. A defesa de acredita que os ministros do STF podem entrar num entendimento que a pris\u00e3o ser\u00e1 poss\u00edvel somente ap\u00f3s decis\u00e3o de todos os recursos no STJ, e n\u00e3o da condena\u00e7\u00e3o em segunda inst\u00e2ncia. Isso&hellip;<\/p>\n","protected":false},"author":1,"featured_media":0,"comment_status":"open","ping_status":"open","sticky":false,"template":"","format":"standard","meta":{"footnotes":""},"categories":[1],"tags":[],"class_list":["post-8399","post","type-post","status-publish","format-standard","hentry","category-noticias"],"_links":{"self":[{"href":"https:\/\/blogdorogeriogomes.com.br\/noticias\/wp-json\/wp\/v2\/posts\/8399","targetHints":{"allow":["GET"]}}],"collection":[{"href":"https:\/\/blogdorogeriogomes.com.br\/noticias\/wp-json\/wp\/v2\/posts"}],"about":[{"href":"https:\/\/blogdorogeriogomes.com.br\/noticias\/wp-json\/wp\/v2\/types\/post"}],"author":[{"embeddable":true,"href":"https:\/\/blogdorogeriogomes.com.br\/noticias\/wp-json\/wp\/v2\/users\/1"}],"replies":[{"embeddable":true,"href":"https:\/\/blogdorogeriogomes.com.br\/noticias\/wp-json\/wp\/v2\/comments?post=8399"}],"version-history":[{"count":1,"href":"https:\/\/blogdorogeriogomes.com.br\/noticias\/wp-json\/wp\/v2\/posts\/8399\/revisions"}],"predecessor-version":[{"id":8402,"href":"https:\/\/blogdorogeriogomes.com.br\/noticias\/wp-json\/wp\/v2\/posts\/8399\/revisions\/8402"}],"wp:attachment":[{"href":"https:\/\/blogdorogeriogomes.com.br\/noticias\/wp-json\/wp\/v2\/media?parent=8399"}],"wp:term":[{"taxonomy":"category","embeddable":true,"href":"https:\/\/blogdorogeriogomes.com.br\/noticias\/wp-json\/wp\/v2\/categories?post=8399"},{"taxonomy":"post_tag","embeddable":true,"href":"https:\/\/blogdorogeriogomes.com.br\/noticias\/wp-json\/wp\/v2\/tags?post=8399"}],"curies":[{"name":"wp","href":"https:\/\/api.w.org\/{rel}","templated":true}]}}