{"id":8415,"date":"2018-03-08T20:16:20","date_gmt":"2018-03-08T20:16:20","guid":{"rendered":"http:\/\/blogdorogeriogomes.com.br\/?p=8415"},"modified":"2018-03-08T20:16:20","modified_gmt":"2018-03-08T20:16:20","slug":"escola-publica-do-ceara-conseguiu-aprovar-16-897-alunos-para-o-ensino-superior-em-2017","status":"publish","type":"post","link":"https:\/\/blogdorogeriogomes.com.br\/noticias\/2018\/03\/escola-publica-do-ceara-conseguiu-aprovar-16-897-alunos-para-o-ensino-superior-em-2017\/","title":{"rendered":"Escola p\u00fablica do Cear\u00e1 conseguiu aprovar 16.897 alunos para o ensino superior em 2017"},"content":{"rendered":"<p><img loading=\"lazy\" decoding=\"async\" class=\"alignnone size-medium wp-image-8420\" src=\"http:\/\/blogdorogeriogomes.com.br\/wp-content\/uploads\/2018\/03\/IMG_20180308_171713-300x176.jpg\" alt=\"IMG_20180308_171713\" width=\"300\" height=\"176\" srcset=\"https:\/\/blogdorogeriogomes.com.br\/noticias\/wp-content\/uploads\/2018\/03\/IMG_20180308_171713-300x176.jpg 300w, https:\/\/blogdorogeriogomes.com.br\/noticias\/wp-content\/uploads\/2018\/03\/IMG_20180308_171713-768x450.jpg 768w, https:\/\/blogdorogeriogomes.com.br\/noticias\/wp-content\/uploads\/2018\/03\/IMG_20180308_171713.jpg 943w\" sizes=\"auto, (max-width: 300px) 100vw, 300px\" \/><\/p>\n<p><span style=\"font-weight: 400;\">Os n\u00fameros da educa\u00e7\u00e3o no Cear\u00e1 t\u00eam garantido destaque em n\u00edvel nacional. O \u00faltimo dado a comemorar foi acesso de alunos da rede estadual ao n\u00edvel superior, principalmente, atrav\u00e9s do Exame Nacional do Ensino M\u00e9dio (Enem).<\/span><span style=\"font-weight: 400;\"><br \/>\n<\/span><span style=\"font-weight: 400;\">Em 2017, as escolas p\u00fablicas do Cear\u00e1 aprovaram 16.897 alunos para o ensino superior em faculdades p\u00fablicas e privadas. Um crescimento de 3.381 estudantes em rela\u00e7\u00e3o ao Enem de 2016.<\/span><span style=\"font-weight: 400;\"><br \/>\n<\/span><span style=\"font-weight: 400;\">&#8220;O Governo precisa apoiar o aluno da escola p\u00fablica que chega \u00e0 universidade para evitar a evas\u00e3o por falta de condi\u00e7\u00e3o financeira&#8221;, ressaltou Camilo Santana, governador do Cear\u00e1.<\/span><\/p>\n","protected":false},"excerpt":{"rendered":"<p>Os n\u00fameros da educa\u00e7\u00e3o no Cear\u00e1 t\u00eam garantido destaque em n\u00edvel nacional. O \u00faltimo dado a comemorar foi acesso de alunos da rede estadual ao n\u00edvel superior, principalmente, atrav\u00e9s do Exame Nacional do Ensino M\u00e9dio (Enem). Em 2017, as escolas p\u00fablicas do Cear\u00e1 aprovaram 16.897 alunos para o ensino superior em faculdades p\u00fablicas e privadas. Um crescimento de 3.381 estudantes em rela\u00e7\u00e3o ao Enem de 2016. &#8220;O Governo precisa apoiar o aluno da escola p\u00fablica que chega \u00e0 universidade&hellip;<\/p>\n","protected":false},"author":1,"featured_media":0,"comment_status":"open","ping_status":"open","sticky":false,"template":"","format":"standard","meta":{"footnotes":""},"categories":[1],"tags":[],"class_list":["post-8415","post","type-post","status-publish","format-standard","hentry","category-noticias"],"_links":{"self":[{"href":"https:\/\/blogdorogeriogomes.com.br\/noticias\/wp-json\/wp\/v2\/posts\/8415","targetHints":{"allow":["GET"]}}],"collection":[{"href":"https:\/\/blogdorogeriogomes.com.br\/noticias\/wp-json\/wp\/v2\/posts"}],"about":[{"href":"https:\/\/blogdorogeriogomes.com.br\/noticias\/wp-json\/wp\/v2\/types\/post"}],"author":[{"embeddable":true,"href":"https:\/\/blogdorogeriogomes.com.br\/noticias\/wp-json\/wp\/v2\/users\/1"}],"replies":[{"embeddable":true,"href":"https:\/\/blogdorogeriogomes.com.br\/noticias\/wp-json\/wp\/v2\/comments?post=8415"}],"version-history":[{"count":1,"href":"https:\/\/blogdorogeriogomes.com.br\/noticias\/wp-json\/wp\/v2\/posts\/8415\/revisions"}],"predecessor-version":[{"id":8421,"href":"https:\/\/blogdorogeriogomes.com.br\/noticias\/wp-json\/wp\/v2\/posts\/8415\/revisions\/8421"}],"wp:attachment":[{"href":"https:\/\/blogdorogeriogomes.com.br\/noticias\/wp-json\/wp\/v2\/media?parent=8415"}],"wp:term":[{"taxonomy":"category","embeddable":true,"href":"https:\/\/blogdorogeriogomes.com.br\/noticias\/wp-json\/wp\/v2\/categories?post=8415"},{"taxonomy":"post_tag","embeddable":true,"href":"https:\/\/blogdorogeriogomes.com.br\/noticias\/wp-json\/wp\/v2\/tags?post=8415"}],"curies":[{"name":"wp","href":"https:\/\/api.w.org\/{rel}","templated":true}]}}