{"id":8422,"date":"2018-03-09T01:50:56","date_gmt":"2018-03-09T01:50:56","guid":{"rendered":"http:\/\/blogdorogeriogomes.com.br\/?p=8422"},"modified":"2018-03-09T01:50:56","modified_gmt":"2018-03-09T01:50:56","slug":"ciro-gomes-e-rodrigo-maia-lancam-pre-candidatura-a-presidencia-da-republica","status":"publish","type":"post","link":"https:\/\/blogdorogeriogomes.com.br\/noticias\/2018\/03\/ciro-gomes-e-rodrigo-maia-lancam-pre-candidatura-a-presidencia-da-republica\/","title":{"rendered":"Ciro Gomes e Rodrigo Maia lan\u00e7am pr\u00e9 candidatura \u00e0 Presid\u00eancia da Rep\u00fablica"},"content":{"rendered":"<p><img loading=\"lazy\" decoding=\"async\" class=\"alignnone size-medium wp-image-8423\" src=\"http:\/\/blogdorogeriogomes.com.br\/wp-content\/uploads\/2018\/03\/unnamed-8-300x150.jpg\" alt=\"unnamed (8)\" width=\"300\" height=\"150\" srcset=\"https:\/\/blogdorogeriogomes.com.br\/noticias\/wp-content\/uploads\/2018\/03\/unnamed-8-300x150.jpg 300w, https:\/\/blogdorogeriogomes.com.br\/noticias\/wp-content\/uploads\/2018\/03\/unnamed-8.jpg 542w\" sizes=\"auto, (max-width: 300px) 100vw, 300px\" \/><\/p>\n<p><span style=\"font-weight: 400;\">Aos poucos, os partidos v\u00e3o definindo seus pr\u00e9 candidatos \u00e0 Presid\u00eancia da Rep\u00fablica. DEM e PDT fizeram isso nesta quinta-feira, dia 8 de mar\u00e7o. Com apenas 1% das inten\u00e7\u00f5es de voto nas \u00faltimas pesquisas eleitorais, o presidente da C\u00e2mara dos Deputados, Rodrigo Maia, foi lan\u00e7ado como pr\u00e9-candidato pelo DEM. J\u00e1 o PDT vai de Ciro Gomes, onde presidente nacional da legenda, Carlos Lupi, disse que a candidatura \u00e9 &#8220;irrevers\u00edvel&#8221;. <\/span><\/p>\n<p><span style=\"font-weight: 400;\">Rodrigo Maia se identifica como o &#8220;candidato da mudan\u00e7a&#8221; e ter &#8220;muitas afinidades&#8221; com o PSDB, partido que ele mesmo j\u00e1 descartou como vencedor das pr\u00f3ximas elei\u00e7\u00f5es. Ele tamb\u00e9m ignorou o governo de Michel Temer (MDB) no lan\u00e7amento. Ou seja, a ordem \u00e9 se afastar do atual Governo.<\/span><\/p>\n<p><span style=\"font-weight: 400;\">J\u00e1 Ciro Gomes admitiu que Fernando Haddad \u00e9 um quadro respeit\u00e1vel, que seria um vice dos sonhos, mas lembrou que ele \u00e9 do PT e disse que seria desrespeitoso quer\u00ea-lo como vice se o seu partido ter\u00e1 candidato pr\u00f3prio. Ciro continua apostando que Lula est\u00e1 fora do p\u00e1reo enquanto candidato devido \u00e0s pend\u00eancias com a Justi\u00e7a.<\/span><\/p>\n","protected":false},"excerpt":{"rendered":"<p>Aos poucos, os partidos v\u00e3o definindo seus pr\u00e9 candidatos \u00e0 Presid\u00eancia da Rep\u00fablica. DEM e PDT fizeram isso nesta quinta-feira, dia 8 de mar\u00e7o. Com apenas 1% das inten\u00e7\u00f5es de voto nas \u00faltimas pesquisas eleitorais, o presidente da C\u00e2mara dos Deputados, Rodrigo Maia, foi lan\u00e7ado como pr\u00e9-candidato pelo DEM. J\u00e1 o PDT vai de Ciro Gomes, onde presidente nacional da legenda, Carlos Lupi, disse que a candidatura \u00e9 &#8220;irrevers\u00edvel&#8221;. Rodrigo Maia se identifica como o &#8220;candidato da mudan\u00e7a&#8221; e&hellip;<\/p>\n","protected":false},"author":1,"featured_media":0,"comment_status":"open","ping_status":"open","sticky":false,"template":"","format":"standard","meta":{"footnotes":""},"categories":[1],"tags":[],"class_list":["post-8422","post","type-post","status-publish","format-standard","hentry","category-noticias"],"_links":{"self":[{"href":"https:\/\/blogdorogeriogomes.com.br\/noticias\/wp-json\/wp\/v2\/posts\/8422","targetHints":{"allow":["GET"]}}],"collection":[{"href":"https:\/\/blogdorogeriogomes.com.br\/noticias\/wp-json\/wp\/v2\/posts"}],"about":[{"href":"https:\/\/blogdorogeriogomes.com.br\/noticias\/wp-json\/wp\/v2\/types\/post"}],"author":[{"embeddable":true,"href":"https:\/\/blogdorogeriogomes.com.br\/noticias\/wp-json\/wp\/v2\/users\/1"}],"replies":[{"embeddable":true,"href":"https:\/\/blogdorogeriogomes.com.br\/noticias\/wp-json\/wp\/v2\/comments?post=8422"}],"version-history":[{"count":1,"href":"https:\/\/blogdorogeriogomes.com.br\/noticias\/wp-json\/wp\/v2\/posts\/8422\/revisions"}],"predecessor-version":[{"id":8424,"href":"https:\/\/blogdorogeriogomes.com.br\/noticias\/wp-json\/wp\/v2\/posts\/8422\/revisions\/8424"}],"wp:attachment":[{"href":"https:\/\/blogdorogeriogomes.com.br\/noticias\/wp-json\/wp\/v2\/media?parent=8422"}],"wp:term":[{"taxonomy":"category","embeddable":true,"href":"https:\/\/blogdorogeriogomes.com.br\/noticias\/wp-json\/wp\/v2\/categories?post=8422"},{"taxonomy":"post_tag","embeddable":true,"href":"https:\/\/blogdorogeriogomes.com.br\/noticias\/wp-json\/wp\/v2\/tags?post=8422"}],"curies":[{"name":"wp","href":"https:\/\/api.w.org\/{rel}","templated":true}]}}