{"id":8425,"date":"2018-03-09T10:16:16","date_gmt":"2018-03-09T10:16:16","guid":{"rendered":"http:\/\/blogdorogeriogomes.com.br\/?p=8425"},"modified":"2018-03-09T10:16:16","modified_gmt":"2018-03-09T10:16:16","slug":"quatro-municipios-do-ceara-vao-receber-cursos-de-medicina","status":"publish","type":"post","link":"https:\/\/blogdorogeriogomes.com.br\/noticias\/2018\/03\/quatro-municipios-do-ceara-vao-receber-cursos-de-medicina\/","title":{"rendered":"Quatro munic\u00edpios do Cear\u00e1 v\u00e3o receber cursos de Medicina"},"content":{"rendered":"<p><img loading=\"lazy\" decoding=\"async\" class=\"alignnone size-full wp-image-8426\" src=\"http:\/\/blogdorogeriogomes.com.br\/wp-content\/uploads\/2018\/03\/download-2.jpeg\" alt=\"download (2)\" width=\"276\" height=\"183\" \/><\/p>\n<p><span style=\"font-weight: 400;\">O ministro da Educa\u00e7\u00e3o, Mendon\u00e7a Filho, confirmou a informa\u00e7\u00e3o que os munic\u00edpios de Iguatu, Canind\u00e9, Itapipoca e Quixad\u00e1 foram escolhidas pelo Minist\u00e9rio para receber cursos de gradua\u00e7\u00e3o em Medicina por institui\u00e7\u00f5es de educa\u00e7\u00e3o superior privadas. Mendon\u00e7a Filho garantiu que a portaria com a autoriza\u00e7\u00e3o ser\u00e1 publicada at\u00e9 a pr\u00f3xima segunda-feira, dia 12 de mar\u00e7o, no Di\u00e1rio Oficial da Uni\u00e3o.<\/span><\/p>\n<p><span style=\"font-weight: 400;\">As institui\u00e7\u00f5es dever\u00e3o firmar termo de compromisso com a Secretaria de Regula\u00e7\u00e3o e Supervis\u00e3o da Educa\u00e7\u00e3o Superior &#8211; Seres, do MEC, a fim de efetivar sua inclus\u00e3o no chamamento p\u00fablico. Al\u00e9m disso, os prefeitos dos munic\u00edpios e o gestor local do Sistema \u00danico de Sa\u00fade &#8211; SUS devem comparecer ao Minist\u00e9rio da Educa\u00e7\u00e3o, em Bras\u00edlia, entre 13 e 22 de mar\u00e7o. <\/span><\/p>\n","protected":false},"excerpt":{"rendered":"<p>O ministro da Educa\u00e7\u00e3o, Mendon\u00e7a Filho, confirmou a informa\u00e7\u00e3o que os munic\u00edpios de Iguatu, Canind\u00e9, Itapipoca e Quixad\u00e1 foram escolhidas pelo Minist\u00e9rio para receber cursos de gradua\u00e7\u00e3o em Medicina por institui\u00e7\u00f5es de educa\u00e7\u00e3o superior privadas. Mendon\u00e7a Filho garantiu que a portaria com a autoriza\u00e7\u00e3o ser\u00e1 publicada at\u00e9 a pr\u00f3xima segunda-feira, dia 12 de mar\u00e7o, no Di\u00e1rio Oficial da Uni\u00e3o. As institui\u00e7\u00f5es dever\u00e3o firmar termo de compromisso com a Secretaria de Regula\u00e7\u00e3o e Supervis\u00e3o da Educa\u00e7\u00e3o Superior &#8211; Seres, do&hellip;<\/p>\n","protected":false},"author":1,"featured_media":0,"comment_status":"open","ping_status":"open","sticky":false,"template":"","format":"standard","meta":{"footnotes":""},"categories":[1],"tags":[],"class_list":["post-8425","post","type-post","status-publish","format-standard","hentry","category-noticias"],"_links":{"self":[{"href":"https:\/\/blogdorogeriogomes.com.br\/noticias\/wp-json\/wp\/v2\/posts\/8425","targetHints":{"allow":["GET"]}}],"collection":[{"href":"https:\/\/blogdorogeriogomes.com.br\/noticias\/wp-json\/wp\/v2\/posts"}],"about":[{"href":"https:\/\/blogdorogeriogomes.com.br\/noticias\/wp-json\/wp\/v2\/types\/post"}],"author":[{"embeddable":true,"href":"https:\/\/blogdorogeriogomes.com.br\/noticias\/wp-json\/wp\/v2\/users\/1"}],"replies":[{"embeddable":true,"href":"https:\/\/blogdorogeriogomes.com.br\/noticias\/wp-json\/wp\/v2\/comments?post=8425"}],"version-history":[{"count":1,"href":"https:\/\/blogdorogeriogomes.com.br\/noticias\/wp-json\/wp\/v2\/posts\/8425\/revisions"}],"predecessor-version":[{"id":8427,"href":"https:\/\/blogdorogeriogomes.com.br\/noticias\/wp-json\/wp\/v2\/posts\/8425\/revisions\/8427"}],"wp:attachment":[{"href":"https:\/\/blogdorogeriogomes.com.br\/noticias\/wp-json\/wp\/v2\/media?parent=8425"}],"wp:term":[{"taxonomy":"category","embeddable":true,"href":"https:\/\/blogdorogeriogomes.com.br\/noticias\/wp-json\/wp\/v2\/categories?post=8425"},{"taxonomy":"post_tag","embeddable":true,"href":"https:\/\/blogdorogeriogomes.com.br\/noticias\/wp-json\/wp\/v2\/tags?post=8425"}],"curies":[{"name":"wp","href":"https:\/\/api.w.org\/{rel}","templated":true}]}}