{"id":8432,"date":"2018-03-10T10:28:55","date_gmt":"2018-03-10T10:28:55","guid":{"rendered":"http:\/\/blogdorogeriogomes.com.br\/?p=8432"},"modified":"2018-03-10T10:28:55","modified_gmt":"2018-03-10T10:28:55","slug":"salmito-filho-assume-prefeitura-por-cinco-dias-com-viagem-de-roberto-claudio-aos-eua","status":"publish","type":"post","link":"https:\/\/blogdorogeriogomes.com.br\/noticias\/2018\/03\/salmito-filho-assume-prefeitura-por-cinco-dias-com-viagem-de-roberto-claudio-aos-eua\/","title":{"rendered":"Salmito Filho assume Prefeitura por cinco dias com viagem de Roberto Cl\u00e1udio aos EUA"},"content":{"rendered":"<p><img loading=\"lazy\" decoding=\"async\" class=\"alignnone size-medium wp-image-8433\" src=\"http:\/\/blogdorogeriogomes.com.br\/wp-content\/uploads\/2018\/03\/unnamed-10-300x213.jpg\" alt=\"unnamed (10)\" width=\"300\" height=\"213\" srcset=\"https:\/\/blogdorogeriogomes.com.br\/noticias\/wp-content\/uploads\/2018\/03\/unnamed-10-300x213.jpg 300w, https:\/\/blogdorogeriogomes.com.br\/noticias\/wp-content\/uploads\/2018\/03\/unnamed-10.jpg 455w\" sizes=\"auto, (max-width: 300px) 100vw, 300px\" \/><\/p>\n<p><span style=\"font-weight: 400;\">O presidente da C\u00e2mara Municipal, Salmito Filho (PDT) assume a Prefeitura de Fortaleza por cinco dias, a partir deste s\u00e1bado, dia 10 de mar\u00e7o. O prefeito Roberto Cl\u00e1udio e o vice Moroni Torgan estar\u00e3o em viagens ao exterior. <\/span><\/p>\n<p><span style=\"font-weight: 400;\">Roberto Cl\u00e1udio vai aos Estados Unidos para cumprir agenda no Banco Mundial, enquanto Moroni Torgan ir\u00e1 a Israel, para conhecer experi\u00eancias no setor da seguran\u00e7a p\u00fablica.<\/span><\/p>\n<p><span style=\"font-weight: 400;\">Enquanto Salmito fica no comando da Prefeitura, a presid\u00eancia da C\u00e2mara Municipal de Fortaleza fica com o vice Adail J\u00fanior (PDT).<\/span><\/p>\n","protected":false},"excerpt":{"rendered":"<p>O presidente da C\u00e2mara Municipal, Salmito Filho (PDT) assume a Prefeitura de Fortaleza por cinco dias, a partir deste s\u00e1bado, dia 10 de mar\u00e7o. O prefeito Roberto Cl\u00e1udio e o vice Moroni Torgan estar\u00e3o em viagens ao exterior. Roberto Cl\u00e1udio vai aos Estados Unidos para cumprir agenda no Banco Mundial, enquanto Moroni Torgan ir\u00e1 a Israel, para conhecer experi\u00eancias no setor da seguran\u00e7a p\u00fablica. Enquanto Salmito fica no comando da Prefeitura, a presid\u00eancia da C\u00e2mara Municipal de Fortaleza fica&hellip;<\/p>\n","protected":false},"author":1,"featured_media":0,"comment_status":"open","ping_status":"open","sticky":false,"template":"","format":"standard","meta":{"footnotes":""},"categories":[1],"tags":[],"class_list":["post-8432","post","type-post","status-publish","format-standard","hentry","category-noticias"],"_links":{"self":[{"href":"https:\/\/blogdorogeriogomes.com.br\/noticias\/wp-json\/wp\/v2\/posts\/8432","targetHints":{"allow":["GET"]}}],"collection":[{"href":"https:\/\/blogdorogeriogomes.com.br\/noticias\/wp-json\/wp\/v2\/posts"}],"about":[{"href":"https:\/\/blogdorogeriogomes.com.br\/noticias\/wp-json\/wp\/v2\/types\/post"}],"author":[{"embeddable":true,"href":"https:\/\/blogdorogeriogomes.com.br\/noticias\/wp-json\/wp\/v2\/users\/1"}],"replies":[{"embeddable":true,"href":"https:\/\/blogdorogeriogomes.com.br\/noticias\/wp-json\/wp\/v2\/comments?post=8432"}],"version-history":[{"count":1,"href":"https:\/\/blogdorogeriogomes.com.br\/noticias\/wp-json\/wp\/v2\/posts\/8432\/revisions"}],"predecessor-version":[{"id":8434,"href":"https:\/\/blogdorogeriogomes.com.br\/noticias\/wp-json\/wp\/v2\/posts\/8432\/revisions\/8434"}],"wp:attachment":[{"href":"https:\/\/blogdorogeriogomes.com.br\/noticias\/wp-json\/wp\/v2\/media?parent=8432"}],"wp:term":[{"taxonomy":"category","embeddable":true,"href":"https:\/\/blogdorogeriogomes.com.br\/noticias\/wp-json\/wp\/v2\/categories?post=8432"},{"taxonomy":"post_tag","embeddable":true,"href":"https:\/\/blogdorogeriogomes.com.br\/noticias\/wp-json\/wp\/v2\/tags?post=8432"}],"curies":[{"name":"wp","href":"https:\/\/api.w.org\/{rel}","templated":true}]}}