{"id":8441,"date":"2018-03-12T08:49:26","date_gmt":"2018-03-12T08:49:26","guid":{"rendered":"http:\/\/blogdorogeriogomes.com.br\/?p=8441"},"modified":"2018-03-12T08:49:26","modified_gmt":"2018-03-12T08:49:26","slug":"servidores-dos-correios-paralisam-atividades-a-partir-desta-segunda-feira","status":"publish","type":"post","link":"https:\/\/blogdorogeriogomes.com.br\/noticias\/2018\/03\/servidores-dos-correios-paralisam-atividades-a-partir-desta-segunda-feira\/","title":{"rendered":"Servidores dos Correios paralisam atividades a partir desta segunda-feira"},"content":{"rendered":"<p><img loading=\"lazy\" decoding=\"async\" class=\"alignnone size-medium wp-image-8442\" src=\"http:\/\/blogdorogeriogomes.com.br\/wp-content\/uploads\/2018\/03\/unnamed-12-300x149.jpg\" alt=\"unnamed (12)\" width=\"300\" height=\"149\" srcset=\"https:\/\/blogdorogeriogomes.com.br\/noticias\/wp-content\/uploads\/2018\/03\/unnamed-12-300x149.jpg 300w, https:\/\/blogdorogeriogomes.com.br\/noticias\/wp-content\/uploads\/2018\/03\/unnamed-12.jpg 545w\" sizes=\"auto, (max-width: 300px) 100vw, 300px\" \/><\/p>\n<p><span style=\"font-weight: 400;\">Se j\u00e1 existem cr\u00edticas hoje a qualidade da presta\u00e7\u00e3o de servi\u00e7os pelos Correios, a situa\u00e7\u00e3o pode piorar. Isto porque servidores da estatal entrar\u00e3o em greve por tempo indeterminado em todo o Pa\u00eds, nesta segunda-feira, dia 12 de mar\u00e7o. De acordo com a Federa\u00e7\u00e3o Nacional dos Trabalhadores em Empresas de Correios e Tel\u00e9grafos e Similares (Fentect), os trabalhadores s\u00e3o contra mudan\u00e7as no plano de sa\u00fade da empresa, que preveem o pagamento das mensalidades pelos funcion\u00e1rios e a retirada de dependentes dos contratos.<\/span><span style=\"font-weight: 400;\"><br \/>\n<\/span><span style=\"font-weight: 400;\">\u201cAl\u00e9m disso, o benef\u00edcio poder\u00e1 ser reajustado conforme a idade, chegando a mensalidades acima de R$ 900&#8243;, informou a Fentect, em nota, ressaltando que o sal\u00e1rio m\u00e9dio dos trabalhadores dos Correios \u00e9 de R$ 1,6 mil, \u201co pior sal\u00e1rio entre empresas p\u00fablicas e estatais\u201d.<\/span><\/p>\n","protected":false},"excerpt":{"rendered":"<p>Se j\u00e1 existem cr\u00edticas hoje a qualidade da presta\u00e7\u00e3o de servi\u00e7os pelos Correios, a situa\u00e7\u00e3o pode piorar. Isto porque servidores da estatal entrar\u00e3o em greve por tempo indeterminado em todo o Pa\u00eds, nesta segunda-feira, dia 12 de mar\u00e7o. De acordo com a Federa\u00e7\u00e3o Nacional dos Trabalhadores em Empresas de Correios e Tel\u00e9grafos e Similares (Fentect), os trabalhadores s\u00e3o contra mudan\u00e7as no plano de sa\u00fade da empresa, que preveem o pagamento das mensalidades pelos funcion\u00e1rios e a retirada de dependentes&hellip;<\/p>\n","protected":false},"author":1,"featured_media":0,"comment_status":"open","ping_status":"open","sticky":false,"template":"","format":"standard","meta":{"footnotes":""},"categories":[1],"tags":[],"class_list":["post-8441","post","type-post","status-publish","format-standard","hentry","category-noticias"],"_links":{"self":[{"href":"https:\/\/blogdorogeriogomes.com.br\/noticias\/wp-json\/wp\/v2\/posts\/8441","targetHints":{"allow":["GET"]}}],"collection":[{"href":"https:\/\/blogdorogeriogomes.com.br\/noticias\/wp-json\/wp\/v2\/posts"}],"about":[{"href":"https:\/\/blogdorogeriogomes.com.br\/noticias\/wp-json\/wp\/v2\/types\/post"}],"author":[{"embeddable":true,"href":"https:\/\/blogdorogeriogomes.com.br\/noticias\/wp-json\/wp\/v2\/users\/1"}],"replies":[{"embeddable":true,"href":"https:\/\/blogdorogeriogomes.com.br\/noticias\/wp-json\/wp\/v2\/comments?post=8441"}],"version-history":[{"count":1,"href":"https:\/\/blogdorogeriogomes.com.br\/noticias\/wp-json\/wp\/v2\/posts\/8441\/revisions"}],"predecessor-version":[{"id":8443,"href":"https:\/\/blogdorogeriogomes.com.br\/noticias\/wp-json\/wp\/v2\/posts\/8441\/revisions\/8443"}],"wp:attachment":[{"href":"https:\/\/blogdorogeriogomes.com.br\/noticias\/wp-json\/wp\/v2\/media?parent=8441"}],"wp:term":[{"taxonomy":"category","embeddable":true,"href":"https:\/\/blogdorogeriogomes.com.br\/noticias\/wp-json\/wp\/v2\/categories?post=8441"},{"taxonomy":"post_tag","embeddable":true,"href":"https:\/\/blogdorogeriogomes.com.br\/noticias\/wp-json\/wp\/v2\/tags?post=8441"}],"curies":[{"name":"wp","href":"https:\/\/api.w.org\/{rel}","templated":true}]}}