{"id":8448,"date":"2018-03-12T16:09:24","date_gmt":"2018-03-12T16:09:24","guid":{"rendered":"http:\/\/blogdorogeriogomes.com.br\/?p=8448"},"modified":"2018-03-12T16:09:24","modified_gmt":"2018-03-12T16:09:24","slug":"governo-aciona-o-ministerio-publico-para-atuar-no-combate-as-brigas-de-torcidas-organizadas","status":"publish","type":"post","link":"https:\/\/blogdorogeriogomes.com.br\/noticias\/2018\/03\/governo-aciona-o-ministerio-publico-para-atuar-no-combate-as-brigas-de-torcidas-organizadas\/","title":{"rendered":"Governo aciona o Minist\u00e9rio P\u00fablico para atuar no combate \u00e0s brigas de torcidas organizadas"},"content":{"rendered":"<p><img loading=\"lazy\" decoding=\"async\" class=\"alignnone size-medium wp-image-8450\" src=\"http:\/\/blogdorogeriogomes.com.br\/wp-content\/uploads\/2018\/03\/IMG_20180312_130556_854-300x225.jpg\" alt=\"IMG_20180312_130556_854\" width=\"300\" height=\"225\" srcset=\"https:\/\/blogdorogeriogomes.com.br\/noticias\/wp-content\/uploads\/2018\/03\/IMG_20180312_130556_854-300x225.jpg 300w, https:\/\/blogdorogeriogomes.com.br\/noticias\/wp-content\/uploads\/2018\/03\/IMG_20180312_130556_854-768x576.jpg 768w, https:\/\/blogdorogeriogomes.com.br\/noticias\/wp-content\/uploads\/2018\/03\/IMG_20180312_130556_854-1024x768.jpg 1024w, https:\/\/blogdorogeriogomes.com.br\/noticias\/wp-content\/uploads\/2018\/03\/IMG_20180312_130556_854.jpg 1040w\" sizes=\"auto, (max-width: 300px) 100vw, 300px\" \/><\/p>\n<p>O governador Camilo Santana se reuniu nesta segunda-feira, dia 12 de mar\u00e7o, com membros do Minist\u00e9rio P\u00fablico para definir a\u00e7\u00f5es preventivas sobre atua\u00e7\u00e3o das torcidas organizadas. A Pol\u00edcia Civil continua investigando os motivos da Chacina do Benfica, onde morreram sete pessoas na noite da \u00faltima sexta-feira, na Pra\u00e7a da Gentil\u00e2ndia, em Fortaleza.<br \/>\nCamilo Santana recebeu no Pal\u00e1cio da Aboli\u00e7\u00e3o membros do N\u00facleo de Defesa do Torcedor no Minist\u00e9rio P\u00fablico e dirigentes da Federa\u00e7\u00e3o Cearense de Futebol e de Cear\u00e1 e Fortaleza. Na pauta do encontro, a\u00e7\u00f5es preventivas sobre atua\u00e7\u00e3o das torcidas organizadas nos est\u00e1dios. Na sexta-feira passada, quatro das sete v\u00edtimas fatais da Chacina do Benfica eram integrantes da Torcida Uniformizada do Fortaleza, a TUF.<br \/>\nA ideia \u00e9 buscar reduzir as brigas envolvendo os grupos organizados, que tem resultado em morte de membros e at\u00e9 de pessoas sem nenhuma rela\u00e7\u00e3o com as torcidas.<br \/>\nCamilo Santana garantiu que a Pol\u00edcia dar\u00e1 uma resposta quanto a pris\u00e3o nos envolvidos na Chacina do Benfica. Por enquanto, apenas um suspeito foi preso.<\/p>\n<p>&nbsp;<\/p>\n","protected":false},"excerpt":{"rendered":"<p>O governador Camilo Santana se reuniu nesta segunda-feira, dia 12 de mar\u00e7o, com membros do Minist\u00e9rio P\u00fablico para definir a\u00e7\u00f5es preventivas sobre atua\u00e7\u00e3o das torcidas organizadas. A Pol\u00edcia Civil continua investigando os motivos da Chacina do Benfica, onde morreram sete pessoas na noite da \u00faltima sexta-feira, na Pra\u00e7a da Gentil\u00e2ndia, em Fortaleza. Camilo Santana recebeu no Pal\u00e1cio da Aboli\u00e7\u00e3o membros do N\u00facleo de Defesa do Torcedor no Minist\u00e9rio P\u00fablico e dirigentes da Federa\u00e7\u00e3o Cearense de Futebol e de Cear\u00e1&hellip;<\/p>\n","protected":false},"author":1,"featured_media":0,"comment_status":"open","ping_status":"open","sticky":false,"template":"","format":"standard","meta":{"footnotes":""},"categories":[1],"tags":[],"class_list":["post-8448","post","type-post","status-publish","format-standard","hentry","category-noticias"],"_links":{"self":[{"href":"https:\/\/blogdorogeriogomes.com.br\/noticias\/wp-json\/wp\/v2\/posts\/8448","targetHints":{"allow":["GET"]}}],"collection":[{"href":"https:\/\/blogdorogeriogomes.com.br\/noticias\/wp-json\/wp\/v2\/posts"}],"about":[{"href":"https:\/\/blogdorogeriogomes.com.br\/noticias\/wp-json\/wp\/v2\/types\/post"}],"author":[{"embeddable":true,"href":"https:\/\/blogdorogeriogomes.com.br\/noticias\/wp-json\/wp\/v2\/users\/1"}],"replies":[{"embeddable":true,"href":"https:\/\/blogdorogeriogomes.com.br\/noticias\/wp-json\/wp\/v2\/comments?post=8448"}],"version-history":[{"count":1,"href":"https:\/\/blogdorogeriogomes.com.br\/noticias\/wp-json\/wp\/v2\/posts\/8448\/revisions"}],"predecessor-version":[{"id":8451,"href":"https:\/\/blogdorogeriogomes.com.br\/noticias\/wp-json\/wp\/v2\/posts\/8448\/revisions\/8451"}],"wp:attachment":[{"href":"https:\/\/blogdorogeriogomes.com.br\/noticias\/wp-json\/wp\/v2\/media?parent=8448"}],"wp:term":[{"taxonomy":"category","embeddable":true,"href":"https:\/\/blogdorogeriogomes.com.br\/noticias\/wp-json\/wp\/v2\/categories?post=8448"},{"taxonomy":"post_tag","embeddable":true,"href":"https:\/\/blogdorogeriogomes.com.br\/noticias\/wp-json\/wp\/v2\/tags?post=8448"}],"curies":[{"name":"wp","href":"https:\/\/api.w.org\/{rel}","templated":true}]}}