{"id":8452,"date":"2018-03-12T22:12:26","date_gmt":"2018-03-12T22:12:26","guid":{"rendered":"http:\/\/blogdorogeriogomes.com.br\/?p=8452"},"modified":"2018-03-12T22:12:26","modified_gmt":"2018-03-12T22:12:26","slug":"acesso-dos-torcedores-ao-pv-e-castelao-tera-reconhecimento-facial","status":"publish","type":"post","link":"https:\/\/blogdorogeriogomes.com.br\/noticias\/2018\/03\/acesso-dos-torcedores-ao-pv-e-castelao-tera-reconhecimento-facial\/","title":{"rendered":"Acesso dos torcedores ao PV e Castel\u00e3o ter\u00e1 reconhecimento facial"},"content":{"rendered":"<p><img loading=\"lazy\" decoding=\"async\" class=\"alignnone size-medium wp-image-8453\" src=\"http:\/\/blogdorogeriogomes.com.br\/wp-content\/uploads\/2018\/03\/images-48-300x200.jpeg\" alt=\"images (48)\" width=\"300\" height=\"200\" srcset=\"https:\/\/blogdorogeriogomes.com.br\/noticias\/wp-content\/uploads\/2018\/03\/images-48-300x200.jpeg 300w, https:\/\/blogdorogeriogomes.com.br\/noticias\/wp-content\/uploads\/2018\/03\/images-48.jpeg 438w\" sizes=\"auto, (max-width: 300px) 100vw, 300px\" \/><\/p>\n<p><span style=\"font-weight: 400;\">O governador Camilo Santana e o prefeito de Fortaleza, Roberto Cl\u00e1udio, querem dar in\u00edcio a um novo m\u00e9todo para refor\u00e7ar a identifica\u00e7\u00e3o de torcedores respons\u00e1veis pelo viol\u00eancia dentro dos est\u00e1dios e fora deles. Muitos deles, j\u00e1 com passagem na Pol\u00edcia e at\u00e9 mesmo integrando as chamadas fac\u00e7\u00f5es criminosas.<\/span><\/p>\n<p><span style=\"font-weight: 400;\">A ideia \u00e9 cadastrar os torcedores e ter o registro biom\u00e9trico. Na entrada dos est\u00e1dios, o torcedor teria um reconhecimento facial. Quem j\u00e1 responder a algum processo envolvendo viol\u00eancia no est\u00e1dio ou at\u00e9 mesmo outro crime, ser\u00e1 identificado e barrado.<\/span><\/p>\n<p><span style=\"font-weight: 400;\">O trabalho de cadastramento n\u00e3o \u00e9 f\u00e1cil, mas j\u00e1 ter\u00e1 por base o sistema de Bilhete \u00danico implantado pela Prefeitura de Fortaleza, que tem hoje mais de um milh\u00e3o de cadastros. <\/span><\/p>\n","protected":false},"excerpt":{"rendered":"<p>O governador Camilo Santana e o prefeito de Fortaleza, Roberto Cl\u00e1udio, querem dar in\u00edcio a um novo m\u00e9todo para refor\u00e7ar a identifica\u00e7\u00e3o de torcedores respons\u00e1veis pelo viol\u00eancia dentro dos est\u00e1dios e fora deles. Muitos deles, j\u00e1 com passagem na Pol\u00edcia e at\u00e9 mesmo integrando as chamadas fac\u00e7\u00f5es criminosas. A ideia \u00e9 cadastrar os torcedores e ter o registro biom\u00e9trico. Na entrada dos est\u00e1dios, o torcedor teria um reconhecimento facial. Quem j\u00e1 responder a algum processo envolvendo viol\u00eancia no est\u00e1dio&hellip;<\/p>\n","protected":false},"author":1,"featured_media":0,"comment_status":"open","ping_status":"open","sticky":false,"template":"","format":"standard","meta":{"footnotes":""},"categories":[1],"tags":[],"class_list":["post-8452","post","type-post","status-publish","format-standard","hentry","category-noticias"],"_links":{"self":[{"href":"https:\/\/blogdorogeriogomes.com.br\/noticias\/wp-json\/wp\/v2\/posts\/8452","targetHints":{"allow":["GET"]}}],"collection":[{"href":"https:\/\/blogdorogeriogomes.com.br\/noticias\/wp-json\/wp\/v2\/posts"}],"about":[{"href":"https:\/\/blogdorogeriogomes.com.br\/noticias\/wp-json\/wp\/v2\/types\/post"}],"author":[{"embeddable":true,"href":"https:\/\/blogdorogeriogomes.com.br\/noticias\/wp-json\/wp\/v2\/users\/1"}],"replies":[{"embeddable":true,"href":"https:\/\/blogdorogeriogomes.com.br\/noticias\/wp-json\/wp\/v2\/comments?post=8452"}],"version-history":[{"count":1,"href":"https:\/\/blogdorogeriogomes.com.br\/noticias\/wp-json\/wp\/v2\/posts\/8452\/revisions"}],"predecessor-version":[{"id":8454,"href":"https:\/\/blogdorogeriogomes.com.br\/noticias\/wp-json\/wp\/v2\/posts\/8452\/revisions\/8454"}],"wp:attachment":[{"href":"https:\/\/blogdorogeriogomes.com.br\/noticias\/wp-json\/wp\/v2\/media?parent=8452"}],"wp:term":[{"taxonomy":"category","embeddable":true,"href":"https:\/\/blogdorogeriogomes.com.br\/noticias\/wp-json\/wp\/v2\/categories?post=8452"},{"taxonomy":"post_tag","embeddable":true,"href":"https:\/\/blogdorogeriogomes.com.br\/noticias\/wp-json\/wp\/v2\/tags?post=8452"}],"curies":[{"name":"wp","href":"https:\/\/api.w.org\/{rel}","templated":true}]}}