{"id":8457,"date":"2018-03-13T09:07:15","date_gmt":"2018-03-13T09:07:15","guid":{"rendered":"http:\/\/blogdorogeriogomes.com.br\/?p=8457"},"modified":"2018-03-13T09:07:15","modified_gmt":"2018-03-13T09:07:15","slug":"pt-mostra-preocupacao-com-prisao-de-lula-ate-fim-de-marco","status":"publish","type":"post","link":"https:\/\/blogdorogeriogomes.com.br\/noticias\/2018\/03\/pt-mostra-preocupacao-com-prisao-de-lula-ate-fim-de-marco\/","title":{"rendered":"PT mostra preocupa\u00e7\u00e3o com pris\u00e3o de Lula at\u00e9 fim de mar\u00e7o"},"content":{"rendered":"<p><img loading=\"lazy\" decoding=\"async\" class=\"alignnone size-medium wp-image-8458\" src=\"http:\/\/blogdorogeriogomes.com.br\/wp-content\/uploads\/2018\/03\/o-ex-presidente-da-republica-luiz-inacio-lula-da-silva-durante-ato-no-teatro-oi-casa-grande-no-leblon-zona-sul-do-rio-de-janeiro-1520767491510_615x300-300x146.jpg\" alt=\"o-ex-presidente-da-republica-luiz-inacio-lula-da-silva-durante-ato-no-teatro-oi-casa-grande-no-leblon-zona-sul-do-rio-de-janeiro-1520767491510_615x300\" width=\"300\" height=\"146\" srcset=\"https:\/\/blogdorogeriogomes.com.br\/noticias\/wp-content\/uploads\/2018\/03\/o-ex-presidente-da-republica-luiz-inacio-lula-da-silva-durante-ato-no-teatro-oi-casa-grande-no-leblon-zona-sul-do-rio-de-janeiro-1520767491510_615x300-300x146.jpg 300w, https:\/\/blogdorogeriogomes.com.br\/noticias\/wp-content\/uploads\/2018\/03\/o-ex-presidente-da-republica-luiz-inacio-lula-da-silva-durante-ato-no-teatro-oi-casa-grande-no-leblon-zona-sul-do-rio-de-janeiro-1520767491510_615x300.jpg 615w\" sizes=\"auto, (max-width: 300px) 100vw, 300px\" \/><\/p>\n<p><span style=\"font-weight: 400;\">Sem ainda conseguir um habeas corpus preventivo, o ex-presidente Lula segue o risco de pris\u00e3o at\u00e9 o fim de mar\u00e7o. Esta \u00e9 uma possibilidade admitida at\u00e9 pela dire\u00e7\u00e3o nacional do PT, que confirma o interesse de continuar brigando na Justi\u00e7a para que Lula seja o candidato do partido nas elei\u00e7\u00f5es presidenciais.<\/span><\/p>\n<p><span style=\"font-weight: 400;\">Assim, a ideia \u00e9 manter a programa\u00e7\u00e3o normal de atividades pol\u00edticas de Lula, que ser\u00e1 atra\u00e7\u00e3o no F\u00f3rum Social Mundial, que come\u00e7a nesta ter\u00e7a-feira, dia 13 de mar\u00e7o, em Salvador.<\/span><\/p>\n<p><span style=\"font-weight: 400;\">Em meio \u00e0 indefini\u00e7\u00e3o sobre a candidatura do ex-presidente Lula e a possibilidade de ele ser preso, o partido ir\u00e1 levar uma reuni\u00e3o da Executiva Nacional para Salvador. Lula \u00e9 esperado no evento na quinta-feira, dia 15.<\/span><\/p>\n<p><span style=\"font-weight: 400;\">O F\u00f3rum Social Mundial chega a sua 13\u00aa edi\u00e7\u00e3o, volta ao Brasil ap\u00f3s nove anos e deve atrair cerca de 60 mil pessoas de 120 pa\u00edses, segundo os organizadores.<\/span><\/p>\n","protected":false},"excerpt":{"rendered":"<p>Sem ainda conseguir um habeas corpus preventivo, o ex-presidente Lula segue o risco de pris\u00e3o at\u00e9 o fim de mar\u00e7o. Esta \u00e9 uma possibilidade admitida at\u00e9 pela dire\u00e7\u00e3o nacional do PT, que confirma o interesse de continuar brigando na Justi\u00e7a para que Lula seja o candidato do partido nas elei\u00e7\u00f5es presidenciais. Assim, a ideia \u00e9 manter a programa\u00e7\u00e3o normal de atividades pol\u00edticas de Lula, que ser\u00e1 atra\u00e7\u00e3o no F\u00f3rum Social Mundial, que come\u00e7a nesta ter\u00e7a-feira, dia 13 de mar\u00e7o,&hellip;<\/p>\n","protected":false},"author":1,"featured_media":0,"comment_status":"open","ping_status":"open","sticky":false,"template":"","format":"standard","meta":{"footnotes":""},"categories":[1],"tags":[],"class_list":["post-8457","post","type-post","status-publish","format-standard","hentry","category-noticias"],"_links":{"self":[{"href":"https:\/\/blogdorogeriogomes.com.br\/noticias\/wp-json\/wp\/v2\/posts\/8457","targetHints":{"allow":["GET"]}}],"collection":[{"href":"https:\/\/blogdorogeriogomes.com.br\/noticias\/wp-json\/wp\/v2\/posts"}],"about":[{"href":"https:\/\/blogdorogeriogomes.com.br\/noticias\/wp-json\/wp\/v2\/types\/post"}],"author":[{"embeddable":true,"href":"https:\/\/blogdorogeriogomes.com.br\/noticias\/wp-json\/wp\/v2\/users\/1"}],"replies":[{"embeddable":true,"href":"https:\/\/blogdorogeriogomes.com.br\/noticias\/wp-json\/wp\/v2\/comments?post=8457"}],"version-history":[{"count":1,"href":"https:\/\/blogdorogeriogomes.com.br\/noticias\/wp-json\/wp\/v2\/posts\/8457\/revisions"}],"predecessor-version":[{"id":8459,"href":"https:\/\/blogdorogeriogomes.com.br\/noticias\/wp-json\/wp\/v2\/posts\/8457\/revisions\/8459"}],"wp:attachment":[{"href":"https:\/\/blogdorogeriogomes.com.br\/noticias\/wp-json\/wp\/v2\/media?parent=8457"}],"wp:term":[{"taxonomy":"category","embeddable":true,"href":"https:\/\/blogdorogeriogomes.com.br\/noticias\/wp-json\/wp\/v2\/categories?post=8457"},{"taxonomy":"post_tag","embeddable":true,"href":"https:\/\/blogdorogeriogomes.com.br\/noticias\/wp-json\/wp\/v2\/tags?post=8457"}],"curies":[{"name":"wp","href":"https:\/\/api.w.org\/{rel}","templated":true}]}}