{"id":8460,"date":"2018-03-13T09:21:03","date_gmt":"2018-03-13T09:21:03","guid":{"rendered":"http:\/\/blogdorogeriogomes.com.br\/?p=8460"},"modified":"2018-03-13T09:21:03","modified_gmt":"2018-03-13T09:21:03","slug":"funceme-acredita-em-retomada-das-chuvas-no-ceara-ainda-este-mes","status":"publish","type":"post","link":"https:\/\/blogdorogeriogomes.com.br\/noticias\/2018\/03\/funceme-acredita-em-retomada-das-chuvas-no-ceara-ainda-este-mes\/","title":{"rendered":"Funceme acredita em retomada das chuvas no Cear\u00e1 ainda este m\u00eas"},"content":{"rendered":"<p><img loading=\"lazy\" decoding=\"async\" class=\"alignnone size-medium wp-image-8461\" src=\"http:\/\/blogdorogeriogomes.com.br\/wp-content\/uploads\/2018\/03\/images-49-300x227.jpeg\" alt=\"images (49)\" width=\"300\" height=\"227\" srcset=\"https:\/\/blogdorogeriogomes.com.br\/noticias\/wp-content\/uploads\/2018\/03\/images-49-300x227.jpeg 300w, https:\/\/blogdorogeriogomes.com.br\/noticias\/wp-content\/uploads\/2018\/03\/images-49.jpeg 441w\" sizes=\"auto, (max-width: 300px) 100vw, 300px\" \/><\/p>\n<p><span style=\"font-weight: 400;\">A intensidade das chuvas diminuiu em mar\u00e7o e isso tem preocupado na quest\u00e3o da reposi\u00e7\u00e3o de \u00e1gua em a\u00e7udes do interior do Cear\u00e1, que ainda est\u00e3o secos. A Funceme, no entanto, prev\u00ea que as precipita\u00e7\u00f5es devem ser retomadas ainda este m\u00eas.<\/span><\/p>\n<p><span style=\"font-weight: 400;\">O meteorologista Raul Fritz avalia que a diminui\u00e7\u00e3o das chuvas est\u00e1 relacionada a baixa atua\u00e7\u00e3o da Zona de Converg\u00eancia Intertropical, que se dissipou nos \u00faltimos dias. Segundo ele, essa condi\u00e7\u00e3o \u00e9 tempor\u00e1ria.<\/span><span style=\"font-weight: 400;\"><br \/>\n<\/span><span style=\"font-weight: 400;\">Fritz diz que a Zona de Converg\u00eancia continua junto \u00e0 costa do norte do Nordeste e, logo que as condi\u00e7\u00f5es atmosf\u00e9ricas se tornarem mais favor\u00e1veis, esse sistema meteorol\u00f3gico dever\u00e1 proporcionar a ocorr\u00eancia de precipita\u00e7\u00f5es mais intensas no Cear\u00e1.<\/span><\/p>\n","protected":false},"excerpt":{"rendered":"<p>A intensidade das chuvas diminuiu em mar\u00e7o e isso tem preocupado na quest\u00e3o da reposi\u00e7\u00e3o de \u00e1gua em a\u00e7udes do interior do Cear\u00e1, que ainda est\u00e3o secos. A Funceme, no entanto, prev\u00ea que as precipita\u00e7\u00f5es devem ser retomadas ainda este m\u00eas. O meteorologista Raul Fritz avalia que a diminui\u00e7\u00e3o das chuvas est\u00e1 relacionada a baixa atua\u00e7\u00e3o da Zona de Converg\u00eancia Intertropical, que se dissipou nos \u00faltimos dias. Segundo ele, essa condi\u00e7\u00e3o \u00e9 tempor\u00e1ria. Fritz diz que a Zona de&hellip;<\/p>\n","protected":false},"author":1,"featured_media":0,"comment_status":"open","ping_status":"open","sticky":false,"template":"","format":"standard","meta":{"footnotes":""},"categories":[1],"tags":[],"class_list":["post-8460","post","type-post","status-publish","format-standard","hentry","category-noticias"],"_links":{"self":[{"href":"https:\/\/blogdorogeriogomes.com.br\/noticias\/wp-json\/wp\/v2\/posts\/8460","targetHints":{"allow":["GET"]}}],"collection":[{"href":"https:\/\/blogdorogeriogomes.com.br\/noticias\/wp-json\/wp\/v2\/posts"}],"about":[{"href":"https:\/\/blogdorogeriogomes.com.br\/noticias\/wp-json\/wp\/v2\/types\/post"}],"author":[{"embeddable":true,"href":"https:\/\/blogdorogeriogomes.com.br\/noticias\/wp-json\/wp\/v2\/users\/1"}],"replies":[{"embeddable":true,"href":"https:\/\/blogdorogeriogomes.com.br\/noticias\/wp-json\/wp\/v2\/comments?post=8460"}],"version-history":[{"count":1,"href":"https:\/\/blogdorogeriogomes.com.br\/noticias\/wp-json\/wp\/v2\/posts\/8460\/revisions"}],"predecessor-version":[{"id":8462,"href":"https:\/\/blogdorogeriogomes.com.br\/noticias\/wp-json\/wp\/v2\/posts\/8460\/revisions\/8462"}],"wp:attachment":[{"href":"https:\/\/blogdorogeriogomes.com.br\/noticias\/wp-json\/wp\/v2\/media?parent=8460"}],"wp:term":[{"taxonomy":"category","embeddable":true,"href":"https:\/\/blogdorogeriogomes.com.br\/noticias\/wp-json\/wp\/v2\/categories?post=8460"},{"taxonomy":"post_tag","embeddable":true,"href":"https:\/\/blogdorogeriogomes.com.br\/noticias\/wp-json\/wp\/v2\/tags?post=8460"}],"curies":[{"name":"wp","href":"https:\/\/api.w.org\/{rel}","templated":true}]}}