{"id":8463,"date":"2018-03-13T21:41:54","date_gmt":"2018-03-13T21:41:54","guid":{"rendered":"http:\/\/blogdorogeriogomes.com.br\/?p=8463"},"modified":"2018-03-13T21:41:54","modified_gmt":"2018-03-13T21:41:54","slug":"governo-vai-fazer-concurso-para-novos-servidores-da-ematerce-e-funceme","status":"publish","type":"post","link":"https:\/\/blogdorogeriogomes.com.br\/noticias\/2018\/03\/governo-vai-fazer-concurso-para-novos-servidores-da-ematerce-e-funceme\/","title":{"rendered":"Governo vai fazer concurso para novos servidores da Ematerce e Funceme"},"content":{"rendered":"<p><img loading=\"lazy\" decoding=\"async\" class=\"alignnone size-medium wp-image-8464\" src=\"http:\/\/blogdorogeriogomes.com.br\/wp-content\/uploads\/2018\/03\/images-50-300x200.jpeg\" alt=\"images (50)\" width=\"300\" height=\"200\" srcset=\"https:\/\/blogdorogeriogomes.com.br\/noticias\/wp-content\/uploads\/2018\/03\/images-50-300x200.jpeg 300w, https:\/\/blogdorogeriogomes.com.br\/noticias\/wp-content\/uploads\/2018\/03\/images-50.jpeg 470w\" sizes=\"auto, (max-width: 300px) 100vw, 300px\" \/><\/p>\n<p><span style=\"font-weight: 400;\">Dois \u00f3rg\u00e3os do Governo do Estado &#8211; Ematerce e Funceme &#8211; ter\u00e3o concurso p\u00fablico ainda este ano. S\u00e3o 263 vagas para a Ematerce (Empresa de Assist\u00eancia T\u00e9cnica e Extens\u00e3o Rural do Cear\u00e1) e 40 para a Funceme (Funda\u00e7\u00e3o Cearense de Meteorologia e Recursos H\u00eddricos).<\/span><\/p>\n<p><span style=\"font-weight: 400;\">Ainda n\u00e3o foram definidas as datas dos certames, mas o governador Camilo Santana t\u00eam pressa por causa dos prazos exigidos pela Legisla\u00e7\u00e3o Eleitoral. O pleito para o Governo do Estado acontece em outubro e existe um limite legal para a contrata\u00e7\u00e3o de novos servidores.<\/span><span style=\"font-weight: 400;\"><br \/>\n<\/span><span style=\"font-weight: 400;\">Camilo promete anunciar em breve tamb\u00e9m um novo concurso p\u00fablico para contratar novos professores para a rede estadual de ensino.<\/span><\/p>\n","protected":false},"excerpt":{"rendered":"<p>Dois \u00f3rg\u00e3os do Governo do Estado &#8211; Ematerce e Funceme &#8211; ter\u00e3o concurso p\u00fablico ainda este ano. S\u00e3o 263 vagas para a Ematerce (Empresa de Assist\u00eancia T\u00e9cnica e Extens\u00e3o Rural do Cear\u00e1) e 40 para a Funceme (Funda\u00e7\u00e3o Cearense de Meteorologia e Recursos H\u00eddricos). Ainda n\u00e3o foram definidas as datas dos certames, mas o governador Camilo Santana t\u00eam pressa por causa dos prazos exigidos pela Legisla\u00e7\u00e3o Eleitoral. O pleito para o Governo do Estado acontece em outubro e existe&hellip;<\/p>\n","protected":false},"author":1,"featured_media":0,"comment_status":"open","ping_status":"open","sticky":false,"template":"","format":"standard","meta":{"footnotes":""},"categories":[1],"tags":[],"class_list":["post-8463","post","type-post","status-publish","format-standard","hentry","category-noticias"],"_links":{"self":[{"href":"https:\/\/blogdorogeriogomes.com.br\/noticias\/wp-json\/wp\/v2\/posts\/8463","targetHints":{"allow":["GET"]}}],"collection":[{"href":"https:\/\/blogdorogeriogomes.com.br\/noticias\/wp-json\/wp\/v2\/posts"}],"about":[{"href":"https:\/\/blogdorogeriogomes.com.br\/noticias\/wp-json\/wp\/v2\/types\/post"}],"author":[{"embeddable":true,"href":"https:\/\/blogdorogeriogomes.com.br\/noticias\/wp-json\/wp\/v2\/users\/1"}],"replies":[{"embeddable":true,"href":"https:\/\/blogdorogeriogomes.com.br\/noticias\/wp-json\/wp\/v2\/comments?post=8463"}],"version-history":[{"count":1,"href":"https:\/\/blogdorogeriogomes.com.br\/noticias\/wp-json\/wp\/v2\/posts\/8463\/revisions"}],"predecessor-version":[{"id":8465,"href":"https:\/\/blogdorogeriogomes.com.br\/noticias\/wp-json\/wp\/v2\/posts\/8463\/revisions\/8465"}],"wp:attachment":[{"href":"https:\/\/blogdorogeriogomes.com.br\/noticias\/wp-json\/wp\/v2\/media?parent=8463"}],"wp:term":[{"taxonomy":"category","embeddable":true,"href":"https:\/\/blogdorogeriogomes.com.br\/noticias\/wp-json\/wp\/v2\/categories?post=8463"},{"taxonomy":"post_tag","embeddable":true,"href":"https:\/\/blogdorogeriogomes.com.br\/noticias\/wp-json\/wp\/v2\/tags?post=8463"}],"curies":[{"name":"wp","href":"https:\/\/api.w.org\/{rel}","templated":true}]}}