{"id":8466,"date":"2018-03-13T22:02:52","date_gmt":"2018-03-13T22:02:52","guid":{"rendered":"http:\/\/blogdorogeriogomes.com.br\/?p=8466"},"modified":"2018-03-13T22:02:52","modified_gmt":"2018-03-13T22:02:52","slug":"ministro-da-seguranca-nacional-lanca-centro-de-inteligencia-da-pf-em-fortaleza","status":"publish","type":"post","link":"https:\/\/blogdorogeriogomes.com.br\/noticias\/2018\/03\/ministro-da-seguranca-nacional-lanca-centro-de-inteligencia-da-pf-em-fortaleza\/","title":{"rendered":"Ministro da Seguran\u00e7a Nacional lan\u00e7a Centro de Intelig\u00eancia da PF em Fortaleza"},"content":{"rendered":"<p><img loading=\"lazy\" decoding=\"async\" class=\"alignnone size-medium wp-image-8467\" src=\"http:\/\/blogdorogeriogomes.com.br\/wp-content\/uploads\/2018\/03\/unnamed-13-300x200.jpg\" alt=\"unnamed (13)\" width=\"300\" height=\"200\" srcset=\"https:\/\/blogdorogeriogomes.com.br\/noticias\/wp-content\/uploads\/2018\/03\/unnamed-13-300x200.jpg 300w, https:\/\/blogdorogeriogomes.com.br\/noticias\/wp-content\/uploads\/2018\/03\/unnamed-13.jpg 470w\" sizes=\"auto, (max-width: 300px) 100vw, 300px\" \/><\/p>\n<p><span style=\"font-weight: 400;\">O ministro da Seguran\u00e7a P\u00fablica Nacional, Raul Jungmann, vem a Fortaleza nesta quinta-feira, dia 15 de mar\u00e7o, para lan\u00e7ar o Centro Integrado de Intelig\u00eancia e Controle para o Combate ao Crime Organizado da Pol\u00edcia Federal no Nordeste. Ainda n\u00e3o foi divulgado qual ser\u00e1 o efetivo que vai trabalhar na Capital cearense. O certo \u00e9 que o Governo do Estado ofereceu algumas op\u00e7\u00f5es de pr\u00e9dios p\u00fablicos para abrigar o Centro.<\/span><\/p>\n<p><span style=\"font-weight: 400;\">O novo Diretor-Geral da Pol\u00edcia Federal, Rog\u00e9rio Galloro, tamb\u00e9m vai participar do lan\u00e7amento. O presidente do Senado, Eun\u00edcio Oliveira, que foi um dos articuladores para que o Centro de Intelig\u00eancia fosse sediado em Fortaleza, estar\u00e1 na solenidade.<\/span><\/p>\n<p><span style=\"font-weight: 400;\">O efeito pr\u00e1tico esperado pela sociedade \u00e9 que, efetivamente, este Centro de Intelig\u00eancia da PF venha a trazer estrat\u00e9gias de combate ao crime organizado. Mais do que nunca, a Pol\u00edcia precisa se antecipar \u00e0s pr\u00e1ticas delituosas \u00e9 \u00e0s chacinas j\u00e1 comuns em solo cearense.<\/span><\/p>\n","protected":false},"excerpt":{"rendered":"<p>O ministro da Seguran\u00e7a P\u00fablica Nacional, Raul Jungmann, vem a Fortaleza nesta quinta-feira, dia 15 de mar\u00e7o, para lan\u00e7ar o Centro Integrado de Intelig\u00eancia e Controle para o Combate ao Crime Organizado da Pol\u00edcia Federal no Nordeste. Ainda n\u00e3o foi divulgado qual ser\u00e1 o efetivo que vai trabalhar na Capital cearense. O certo \u00e9 que o Governo do Estado ofereceu algumas op\u00e7\u00f5es de pr\u00e9dios p\u00fablicos para abrigar o Centro. O novo Diretor-Geral da Pol\u00edcia Federal, Rog\u00e9rio Galloro, tamb\u00e9m vai&hellip;<\/p>\n","protected":false},"author":1,"featured_media":0,"comment_status":"open","ping_status":"open","sticky":false,"template":"","format":"standard","meta":{"footnotes":""},"categories":[1],"tags":[],"class_list":["post-8466","post","type-post","status-publish","format-standard","hentry","category-noticias"],"_links":{"self":[{"href":"https:\/\/blogdorogeriogomes.com.br\/noticias\/wp-json\/wp\/v2\/posts\/8466","targetHints":{"allow":["GET"]}}],"collection":[{"href":"https:\/\/blogdorogeriogomes.com.br\/noticias\/wp-json\/wp\/v2\/posts"}],"about":[{"href":"https:\/\/blogdorogeriogomes.com.br\/noticias\/wp-json\/wp\/v2\/types\/post"}],"author":[{"embeddable":true,"href":"https:\/\/blogdorogeriogomes.com.br\/noticias\/wp-json\/wp\/v2\/users\/1"}],"replies":[{"embeddable":true,"href":"https:\/\/blogdorogeriogomes.com.br\/noticias\/wp-json\/wp\/v2\/comments?post=8466"}],"version-history":[{"count":1,"href":"https:\/\/blogdorogeriogomes.com.br\/noticias\/wp-json\/wp\/v2\/posts\/8466\/revisions"}],"predecessor-version":[{"id":8468,"href":"https:\/\/blogdorogeriogomes.com.br\/noticias\/wp-json\/wp\/v2\/posts\/8466\/revisions\/8468"}],"wp:attachment":[{"href":"https:\/\/blogdorogeriogomes.com.br\/noticias\/wp-json\/wp\/v2\/media?parent=8466"}],"wp:term":[{"taxonomy":"category","embeddable":true,"href":"https:\/\/blogdorogeriogomes.com.br\/noticias\/wp-json\/wp\/v2\/categories?post=8466"},{"taxonomy":"post_tag","embeddable":true,"href":"https:\/\/blogdorogeriogomes.com.br\/noticias\/wp-json\/wp\/v2\/tags?post=8466"}],"curies":[{"name":"wp","href":"https:\/\/api.w.org\/{rel}","templated":true}]}}