{"id":8475,"date":"2018-03-15T08:38:17","date_gmt":"2018-03-15T08:38:17","guid":{"rendered":"http:\/\/blogdorogeriogomes.com.br\/?p=8475"},"modified":"2018-03-15T08:38:17","modified_gmt":"2018-03-15T08:38:17","slug":"juizes-federais-fazem-greve-ceara-nao-deve-ser-afetado-pela-paralisacao","status":"publish","type":"post","link":"https:\/\/blogdorogeriogomes.com.br\/noticias\/2018\/03\/juizes-federais-fazem-greve-ceara-nao-deve-ser-afetado-pela-paralisacao\/","title":{"rendered":"Ju\u00edzes federais fazem greve. Cear\u00e1 n\u00e3o deve ser afetado pela paralisa\u00e7\u00e3o"},"content":{"rendered":"<p><img loading=\"lazy\" decoding=\"async\" class=\"alignnone size-medium wp-image-8476\" src=\"http:\/\/blogdorogeriogomes.com.br\/wp-content\/uploads\/2018\/03\/images-53-300x199.jpeg\" alt=\"images (53)\" width=\"300\" height=\"199\" srcset=\"https:\/\/blogdorogeriogomes.com.br\/noticias\/wp-content\/uploads\/2018\/03\/images-53-300x199.jpeg 300w, https:\/\/blogdorogeriogomes.com.br\/noticias\/wp-content\/uploads\/2018\/03\/images-53.jpeg 471w\" sizes=\"auto, (max-width: 300px) 100vw, 300px\" \/><\/p>\n<p><span style=\"font-weight: 400;\">Os ju\u00edzes federais fazem um dia de paralisa\u00e7\u00e3o nesta quinta-feira, dia 15 de mar\u00e7o, em defesa do pagamento de aux\u00edlio-moradia. No Cear\u00e1, a mobiliza\u00e7\u00e3o acontece no F\u00f3rum da Justi\u00e7a do Trabalho Autran Nunes, no Centro de Fortaleza. No entanto, a Justi\u00e7a Federal no Cear\u00e1 diz que os servidores estar\u00e3o trabalhando normalmente \u00e9 n\u00e3o haver\u00e1 suspens\u00e3o no atendimento.<\/span><span style=\"font-weight: 400;\"><br \/>\n<\/span><span style=\"font-weight: 400;\">A Associa\u00e7\u00e3o dos Ju\u00edzes Federais do Brasil possui cerca de 2 mil associados em todo o Brasil. Atos p\u00fablicos conjuntos est\u00e3o confirmados para acontecer nas cidades de Porto Alegre, Bras\u00edlia, S\u00e3o Paulo, Rio de Janeiro, Salvador e Bel\u00e9m.<\/span><\/p>\n","protected":false},"excerpt":{"rendered":"<p>Os ju\u00edzes federais fazem um dia de paralisa\u00e7\u00e3o nesta quinta-feira, dia 15 de mar\u00e7o, em defesa do pagamento de aux\u00edlio-moradia. No Cear\u00e1, a mobiliza\u00e7\u00e3o acontece no F\u00f3rum da Justi\u00e7a do Trabalho Autran Nunes, no Centro de Fortaleza. No entanto, a Justi\u00e7a Federal no Cear\u00e1 diz que os servidores estar\u00e3o trabalhando normalmente \u00e9 n\u00e3o haver\u00e1 suspens\u00e3o no atendimento. A Associa\u00e7\u00e3o dos Ju\u00edzes Federais do Brasil possui cerca de 2 mil associados em todo o Brasil. Atos p\u00fablicos conjuntos est\u00e3o confirmados&hellip;<\/p>\n","protected":false},"author":1,"featured_media":0,"comment_status":"open","ping_status":"open","sticky":false,"template":"","format":"standard","meta":{"footnotes":""},"categories":[1],"tags":[],"class_list":["post-8475","post","type-post","status-publish","format-standard","hentry","category-noticias"],"_links":{"self":[{"href":"https:\/\/blogdorogeriogomes.com.br\/noticias\/wp-json\/wp\/v2\/posts\/8475","targetHints":{"allow":["GET"]}}],"collection":[{"href":"https:\/\/blogdorogeriogomes.com.br\/noticias\/wp-json\/wp\/v2\/posts"}],"about":[{"href":"https:\/\/blogdorogeriogomes.com.br\/noticias\/wp-json\/wp\/v2\/types\/post"}],"author":[{"embeddable":true,"href":"https:\/\/blogdorogeriogomes.com.br\/noticias\/wp-json\/wp\/v2\/users\/1"}],"replies":[{"embeddable":true,"href":"https:\/\/blogdorogeriogomes.com.br\/noticias\/wp-json\/wp\/v2\/comments?post=8475"}],"version-history":[{"count":1,"href":"https:\/\/blogdorogeriogomes.com.br\/noticias\/wp-json\/wp\/v2\/posts\/8475\/revisions"}],"predecessor-version":[{"id":8477,"href":"https:\/\/blogdorogeriogomes.com.br\/noticias\/wp-json\/wp\/v2\/posts\/8475\/revisions\/8477"}],"wp:attachment":[{"href":"https:\/\/blogdorogeriogomes.com.br\/noticias\/wp-json\/wp\/v2\/media?parent=8475"}],"wp:term":[{"taxonomy":"category","embeddable":true,"href":"https:\/\/blogdorogeriogomes.com.br\/noticias\/wp-json\/wp\/v2\/categories?post=8475"},{"taxonomy":"post_tag","embeddable":true,"href":"https:\/\/blogdorogeriogomes.com.br\/noticias\/wp-json\/wp\/v2\/tags?post=8475"}],"curies":[{"name":"wp","href":"https:\/\/api.w.org\/{rel}","templated":true}]}}