{"id":8478,"date":"2018-03-15T08:54:12","date_gmt":"2018-03-15T08:54:12","guid":{"rendered":"http:\/\/blogdorogeriogomes.com.br\/?p=8478"},"modified":"2018-03-15T08:54:12","modified_gmt":"2018-03-15T08:54:12","slug":"assembleia-legislativa-e-camara-municipal-formam-comissao-mista-para-discutir-seguranca","status":"publish","type":"post","link":"https:\/\/blogdorogeriogomes.com.br\/noticias\/2018\/03\/assembleia-legislativa-e-camara-municipal-formam-comissao-mista-para-discutir-seguranca\/","title":{"rendered":"Assembleia Legislativa e C\u00e2mara Municipal formam comiss\u00e3o mista para discutir seguran\u00e7a"},"content":{"rendered":"<p><img loading=\"lazy\" decoding=\"async\" class=\"alignnone size-medium wp-image-8480\" src=\"http:\/\/blogdorogeriogomes.com.br\/wp-content\/uploads\/2018\/03\/IMG_20180315_055312_932-300x293.jpg\" alt=\"IMG_20180315_055312_932\" width=\"300\" height=\"293\" srcset=\"https:\/\/blogdorogeriogomes.com.br\/noticias\/wp-content\/uploads\/2018\/03\/IMG_20180315_055312_932-300x293.jpg 300w, https:\/\/blogdorogeriogomes.com.br\/noticias\/wp-content\/uploads\/2018\/03\/IMG_20180315_055312_932.jpg 320w\" sizes=\"auto, (max-width: 300px) 100vw, 300px\" \/><\/p>\n<p><span style=\"font-weight: 400;\">A Assembleia Legislativa do Cear\u00e1 e a C\u00e2mara Municipal de Fortaleza v\u00e3o formar uma comiss\u00e3o mista para definir propostas em torno de refor\u00e7ar a seguran\u00e7a no Estado.<\/span><\/p>\n<p><span style=\"font-weight: 400;\">O presidente da C\u00e2mara Municipal de Fortaleza, Salmito Filho (PDT), e o deputado estadual Evandro Leit\u00e3o (PDT), l\u00edder do Governo do Estado na Assembleia, est\u00e3o \u00e0 frente das articula\u00e7\u00f5es.<\/span><\/p>\n<p><span style=\"font-weight: 400;\">A proposta \u00e9 que as duas casas legislativas debatam experi\u00eancias bem sucedidas em outros estados ou pa\u00edses no combate \u00e0 viol\u00eancia, a fim de construir um relat\u00f3rio t\u00e9cnico que ser\u00e1 apresentado ao Governo do Estado e a Prefeitura de Fortaleza.<\/span><\/p>\n<p><span style=\"font-weight: 400;\">N\u00e3o deixa de ser uma oportunidade para que os parlamentares de oposi\u00e7\u00e3o apare\u00e7am com sugest\u00f5es para n\u00e3o ficar apenas no discurso vazio da cr\u00edtica ao atual cen\u00e1rio de inseguran\u00e7a que atinge a toda a sociedade.<\/span><\/p>\n","protected":false},"excerpt":{"rendered":"<p>A Assembleia Legislativa do Cear\u00e1 e a C\u00e2mara Municipal de Fortaleza v\u00e3o formar uma comiss\u00e3o mista para definir propostas em torno de refor\u00e7ar a seguran\u00e7a no Estado. O presidente da C\u00e2mara Municipal de Fortaleza, Salmito Filho (PDT), e o deputado estadual Evandro Leit\u00e3o (PDT), l\u00edder do Governo do Estado na Assembleia, est\u00e3o \u00e0 frente das articula\u00e7\u00f5es. A proposta \u00e9 que as duas casas legislativas debatam experi\u00eancias bem sucedidas em outros estados ou pa\u00edses no combate \u00e0 viol\u00eancia, a fim&hellip;<\/p>\n","protected":false},"author":1,"featured_media":0,"comment_status":"open","ping_status":"open","sticky":false,"template":"","format":"standard","meta":{"footnotes":""},"categories":[1],"tags":[],"class_list":["post-8478","post","type-post","status-publish","format-standard","hentry","category-noticias"],"_links":{"self":[{"href":"https:\/\/blogdorogeriogomes.com.br\/noticias\/wp-json\/wp\/v2\/posts\/8478","targetHints":{"allow":["GET"]}}],"collection":[{"href":"https:\/\/blogdorogeriogomes.com.br\/noticias\/wp-json\/wp\/v2\/posts"}],"about":[{"href":"https:\/\/blogdorogeriogomes.com.br\/noticias\/wp-json\/wp\/v2\/types\/post"}],"author":[{"embeddable":true,"href":"https:\/\/blogdorogeriogomes.com.br\/noticias\/wp-json\/wp\/v2\/users\/1"}],"replies":[{"embeddable":true,"href":"https:\/\/blogdorogeriogomes.com.br\/noticias\/wp-json\/wp\/v2\/comments?post=8478"}],"version-history":[{"count":1,"href":"https:\/\/blogdorogeriogomes.com.br\/noticias\/wp-json\/wp\/v2\/posts\/8478\/revisions"}],"predecessor-version":[{"id":8481,"href":"https:\/\/blogdorogeriogomes.com.br\/noticias\/wp-json\/wp\/v2\/posts\/8478\/revisions\/8481"}],"wp:attachment":[{"href":"https:\/\/blogdorogeriogomes.com.br\/noticias\/wp-json\/wp\/v2\/media?parent=8478"}],"wp:term":[{"taxonomy":"category","embeddable":true,"href":"https:\/\/blogdorogeriogomes.com.br\/noticias\/wp-json\/wp\/v2\/categories?post=8478"},{"taxonomy":"post_tag","embeddable":true,"href":"https:\/\/blogdorogeriogomes.com.br\/noticias\/wp-json\/wp\/v2\/tags?post=8478"}],"curies":[{"name":"wp","href":"https:\/\/api.w.org\/{rel}","templated":true}]}}