{"id":8490,"date":"2018-03-15T19:02:06","date_gmt":"2018-03-15T19:02:06","guid":{"rendered":"http:\/\/blogdorogeriogomes.com.br\/?p=8490"},"modified":"2018-03-15T19:02:06","modified_gmt":"2018-03-15T19:02:06","slug":"governo-federal-quer-implantar-cinco-centros-de-inteligencia-da-pf-no-pais","status":"publish","type":"post","link":"https:\/\/blogdorogeriogomes.com.br\/noticias\/2018\/03\/governo-federal-quer-implantar-cinco-centros-de-inteligencia-da-pf-no-pais\/","title":{"rendered":"Governo Federal quer implantar cinco Centros de Intelig\u00eancia da PF no Pa\u00eds"},"content":{"rendered":"<p><img loading=\"lazy\" decoding=\"async\" class=\"alignnone size-medium wp-image-8491\" src=\"http:\/\/blogdorogeriogomes.com.br\/wp-content\/uploads\/2018\/03\/9cd180d3-d461-4fc7-b713-f98c8ec0178f-300x225.jpg\" alt=\"9cd180d3-d461-4fc7-b713-f98c8ec0178f\" width=\"300\" height=\"225\" srcset=\"https:\/\/blogdorogeriogomes.com.br\/noticias\/wp-content\/uploads\/2018\/03\/9cd180d3-d461-4fc7-b713-f98c8ec0178f-300x225.jpg 300w, https:\/\/blogdorogeriogomes.com.br\/noticias\/wp-content\/uploads\/2018\/03\/9cd180d3-d461-4fc7-b713-f98c8ec0178f.jpg 740w\" sizes=\"auto, (max-width: 300px) 100vw, 300px\" \/><\/p>\n<p><span style=\"font-weight: 400;\">A meta da Uni\u00e3o \u00e9 implantar cinco Centros de Intelig\u00eancia da Pol\u00edcia Federal em todo o Pa\u00eds. O primeiro foi lan\u00e7ado no Cear\u00e1 nesta quinta-feira, dia 15 de mar\u00e7o, em Fortaleza, pelo ministro da Seguran\u00e7a P\u00fablica Nacional, Raul Jungmann. A solenidade no Pal\u00e1cio da Aboli\u00e7\u00e3o acabou se transformando numa homenagem \u00e0 vereadora do Rio de Janeiro, Marielle Franco (Psol), morta a tiros. Jungmann disse que o Governo Federal tem de dar uma resposta a altura aos autores do crime, com a devida pris\u00e3o dos mesmos. A parlamentar carioca denunciou nos \u00faltimos dias a viol\u00eancia contra as comunidades dominadas pelo tr\u00e1fico de drogas.<\/span><\/p>\n<p><span style=\"font-weight: 400;\">Os Centros de Intelig\u00eancia da PF prometem atuar na estrat\u00e9gia para identifica\u00e7\u00e3o de grupos criminosos e que t\u00eam sido respons\u00e1veis por a\u00e7\u00f5es fora e dentro dos pres\u00eddios. O investimento inicial em cada unidade \u00e9 de R$ 2 milh\u00f5es. No Nordeste, as a\u00e7\u00f5es ser\u00e3o concentradas em Fortaleza.<\/span><\/p>\n<p><span style=\"font-weight: 400;\">A expectativa \u00e9 que o Centro de Intelig\u00eancia da PF no Cear\u00e1 venha a trazer respostas mais concretas quanto \u00e0s \u00faltimas chacinas ocorridas na Capital e em munic\u00edpios da Regi\u00e3o Metropolitana.<\/span><\/p>\n","protected":false},"excerpt":{"rendered":"<p>A meta da Uni\u00e3o \u00e9 implantar cinco Centros de Intelig\u00eancia da Pol\u00edcia Federal em todo o Pa\u00eds. O primeiro foi lan\u00e7ado no Cear\u00e1 nesta quinta-feira, dia 15 de mar\u00e7o, em Fortaleza, pelo ministro da Seguran\u00e7a P\u00fablica Nacional, Raul Jungmann. A solenidade no Pal\u00e1cio da Aboli\u00e7\u00e3o acabou se transformando numa homenagem \u00e0 vereadora do Rio de Janeiro, Marielle Franco (Psol), morta a tiros. Jungmann disse que o Governo Federal tem de dar uma resposta a altura aos autores do crime,&hellip;<\/p>\n","protected":false},"author":1,"featured_media":0,"comment_status":"open","ping_status":"open","sticky":false,"template":"","format":"standard","meta":{"footnotes":""},"categories":[1],"tags":[],"class_list":["post-8490","post","type-post","status-publish","format-standard","hentry","category-noticias"],"_links":{"self":[{"href":"https:\/\/blogdorogeriogomes.com.br\/noticias\/wp-json\/wp\/v2\/posts\/8490","targetHints":{"allow":["GET"]}}],"collection":[{"href":"https:\/\/blogdorogeriogomes.com.br\/noticias\/wp-json\/wp\/v2\/posts"}],"about":[{"href":"https:\/\/blogdorogeriogomes.com.br\/noticias\/wp-json\/wp\/v2\/types\/post"}],"author":[{"embeddable":true,"href":"https:\/\/blogdorogeriogomes.com.br\/noticias\/wp-json\/wp\/v2\/users\/1"}],"replies":[{"embeddable":true,"href":"https:\/\/blogdorogeriogomes.com.br\/noticias\/wp-json\/wp\/v2\/comments?post=8490"}],"version-history":[{"count":1,"href":"https:\/\/blogdorogeriogomes.com.br\/noticias\/wp-json\/wp\/v2\/posts\/8490\/revisions"}],"predecessor-version":[{"id":8492,"href":"https:\/\/blogdorogeriogomes.com.br\/noticias\/wp-json\/wp\/v2\/posts\/8490\/revisions\/8492"}],"wp:attachment":[{"href":"https:\/\/blogdorogeriogomes.com.br\/noticias\/wp-json\/wp\/v2\/media?parent=8490"}],"wp:term":[{"taxonomy":"category","embeddable":true,"href":"https:\/\/blogdorogeriogomes.com.br\/noticias\/wp-json\/wp\/v2\/categories?post=8490"},{"taxonomy":"post_tag","embeddable":true,"href":"https:\/\/blogdorogeriogomes.com.br\/noticias\/wp-json\/wp\/v2\/tags?post=8490"}],"curies":[{"name":"wp","href":"https:\/\/api.w.org\/{rel}","templated":true}]}}