{"id":8493,"date":"2018-03-16T00:24:09","date_gmt":"2018-03-16T00:24:09","guid":{"rendered":"http:\/\/blogdorogeriogomes.com.br\/?p=8493"},"modified":"2018-03-16T00:24:09","modified_gmt":"2018-03-16T00:24:09","slug":"lula-garante-que-nao-vai-pedir-nenhum-favor-a-ministros-do-stf","status":"publish","type":"post","link":"https:\/\/blogdorogeriogomes.com.br\/noticias\/2018\/03\/lula-garante-que-nao-vai-pedir-nenhum-favor-a-ministros-do-stf\/","title":{"rendered":"Lula garante que n\u00e3o vai pedir nenhum favor a ministros do STF"},"content":{"rendered":"<p><img loading=\"lazy\" decoding=\"async\" class=\"alignnone size-medium wp-image-8044\" src=\"http:\/\/blogdorogeriogomes.com.br\/wp-content\/uploads\/2018\/01\/images-13-300x174.jpeg\" alt=\"images (13)\" width=\"300\" height=\"174\" srcset=\"https:\/\/blogdorogeriogomes.com.br\/noticias\/wp-content\/uploads\/2018\/01\/images-13-300x174.jpeg 300w, https:\/\/blogdorogeriogomes.com.br\/noticias\/wp-content\/uploads\/2018\/01\/images-13.jpeg 503w\" sizes=\"auto, (max-width: 300px) 100vw, 300px\" \/><\/p>\n<p><span style=\"font-weight: 400;\">O ex-presidente Lula reagiu diante da pol\u00eamica em torno da discuss\u00e3o sobre se o STF (Supremo Tribunal Federal) vai pautar ou n\u00e3o o julgamento a pris\u00e3o ap\u00f3s condena\u00e7\u00e3o em segunda inst\u00e2ncia. Lula \u00a0disse que n\u00e3o ir\u00e1 ligar para nenhum ministro do Supremo para pedir favor.<\/span><span style=\"font-weight: 400;\"><br \/>\n<\/span><span style=\"font-weight: 400;\">&#8220;Eu n\u00e3o quero nenhum favor. Eu fui o presidente que mais indiquei ministro da Suprema Corte. Nunca liguei para nenhum pedido nenhum favor. E vou morrer sem pedir&#8221;, disse na Alba (Assembleia Legislativa da Bahia) durante o Encontro Internacional Parlamentar, evento ligado ao F\u00f3rum Social Mundial, que acontece em Salvador.<\/span><span style=\"font-weight: 400;\"><br \/>\n<\/span><span style=\"font-weight: 400;\">Advogados de Lula tem se encontrado com ministros do STF na tentativa de que a Corte se re\u00fana para debater a execu\u00e7\u00e3o da pena ap\u00f3s segunda inst\u00e2ncia, entendimento atual da Corte. Ministros do Supremo tem se mostrado contr\u00e1rios \u00e0 situa\u00e7\u00e3o. <\/span><span style=\"font-weight: 400;\"><br \/>\n<\/span><span style=\"font-weight: 400;\">O TRF-4 (Tribunal Regional Federal da 4\u00aa Regi\u00e3o) condenou Lula a mais de 12 anos de pris\u00e3o e indicou que ir\u00e1 pedir a execu\u00e7\u00e3o da pena assim que os recursos pendentes forem julgados. A defesa de Lula tamb\u00e9m tenta, por meio de habeas corpus no STF, impedir que Lula seja preso e que possa recorrer em liberdade.<\/span><span style=\"font-weight: 400;\"><br \/>\n<\/span><span style=\"font-weight: 400;\">Lula diz que n\u00e3o indicou ministros do Supremo e do STJ (Superior Tribunal de Justi\u00e7a) para ser favorecido. &#8220;Indiquei para eles cumprirem a Constitui\u00e7\u00e3o&#8221;.<\/span><\/p>\n","protected":false},"excerpt":{"rendered":"<p>O ex-presidente Lula reagiu diante da pol\u00eamica em torno da discuss\u00e3o sobre se o STF (Supremo Tribunal Federal) vai pautar ou n\u00e3o o julgamento a pris\u00e3o ap\u00f3s condena\u00e7\u00e3o em segunda inst\u00e2ncia. Lula \u00a0disse que n\u00e3o ir\u00e1 ligar para nenhum ministro do Supremo para pedir favor. &#8220;Eu n\u00e3o quero nenhum favor. Eu fui o presidente que mais indiquei ministro da Suprema Corte. Nunca liguei para nenhum pedido nenhum favor. E vou morrer sem pedir&#8221;, disse na Alba (Assembleia Legislativa da&hellip;<\/p>\n","protected":false},"author":1,"featured_media":0,"comment_status":"open","ping_status":"open","sticky":false,"template":"","format":"standard","meta":{"footnotes":""},"categories":[1],"tags":[],"class_list":["post-8493","post","type-post","status-publish","format-standard","hentry","category-noticias"],"_links":{"self":[{"href":"https:\/\/blogdorogeriogomes.com.br\/noticias\/wp-json\/wp\/v2\/posts\/8493","targetHints":{"allow":["GET"]}}],"collection":[{"href":"https:\/\/blogdorogeriogomes.com.br\/noticias\/wp-json\/wp\/v2\/posts"}],"about":[{"href":"https:\/\/blogdorogeriogomes.com.br\/noticias\/wp-json\/wp\/v2\/types\/post"}],"author":[{"embeddable":true,"href":"https:\/\/blogdorogeriogomes.com.br\/noticias\/wp-json\/wp\/v2\/users\/1"}],"replies":[{"embeddable":true,"href":"https:\/\/blogdorogeriogomes.com.br\/noticias\/wp-json\/wp\/v2\/comments?post=8493"}],"version-history":[{"count":1,"href":"https:\/\/blogdorogeriogomes.com.br\/noticias\/wp-json\/wp\/v2\/posts\/8493\/revisions"}],"predecessor-version":[{"id":8494,"href":"https:\/\/blogdorogeriogomes.com.br\/noticias\/wp-json\/wp\/v2\/posts\/8493\/revisions\/8494"}],"wp:attachment":[{"href":"https:\/\/blogdorogeriogomes.com.br\/noticias\/wp-json\/wp\/v2\/media?parent=8493"}],"wp:term":[{"taxonomy":"category","embeddable":true,"href":"https:\/\/blogdorogeriogomes.com.br\/noticias\/wp-json\/wp\/v2\/categories?post=8493"},{"taxonomy":"post_tag","embeddable":true,"href":"https:\/\/blogdorogeriogomes.com.br\/noticias\/wp-json\/wp\/v2\/tags?post=8493"}],"curies":[{"name":"wp","href":"https:\/\/api.w.org\/{rel}","templated":true}]}}