{"id":8495,"date":"2018-03-16T08:56:35","date_gmt":"2018-03-16T08:56:35","guid":{"rendered":"http:\/\/blogdorogeriogomes.com.br\/?p=8495"},"modified":"2018-03-16T08:56:35","modified_gmt":"2018-03-16T08:56:35","slug":"nova-aguanambi-sera-entregue-em-abril-e-corredor-de-onibus-no-fim-do-semestre","status":"publish","type":"post","link":"https:\/\/blogdorogeriogomes.com.br\/noticias\/2018\/03\/nova-aguanambi-sera-entregue-em-abril-e-corredor-de-onibus-no-fim-do-semestre\/","title":{"rendered":"Nova Aguanambi ser\u00e1 entregue em abril e corredor de \u00f4nibus no fim do semestre"},"content":{"rendered":"<p><img loading=\"lazy\" decoding=\"async\" class=\"alignnone size-medium wp-image-8496\" src=\"http:\/\/blogdorogeriogomes.com.br\/wp-content\/uploads\/2018\/03\/image-1-300x196.png\" alt=\"image (1)\" width=\"300\" height=\"196\" srcset=\"https:\/\/blogdorogeriogomes.com.br\/noticias\/wp-content\/uploads\/2018\/03\/image-1-300x196.png 300w, https:\/\/blogdorogeriogomes.com.br\/noticias\/wp-content\/uploads\/2018\/03\/image-1.png 565w\" sizes=\"auto, (max-width: 300px) 100vw, 300px\" \/><\/p>\n<p><span style=\"font-weight: 400;\">A nova avenida Aguanambi, em Fortaleza,deve ser entregue pela Prefeitura em abril. Mas um dos objetivos da via requalificada \u00e9 favorecer o transporte coletivo com a instala\u00e7\u00e3o de um corredor exclusivo para \u00f4nibus com esta\u00e7\u00f5es instaladas no canteiro central. Ser\u00e1 o segundo da Capital. O primeiro funciona na avenida Bezerra de Menezes.<\/span><\/p>\n<p><span style=\"font-weight: 400;\">O corredor da Aguanambi \u00e9 a primeira parte do BRT que ligar\u00e1 Messejana at\u00e9 a Pra\u00e7a Cora\u00e7\u00e3o de Jesus e promete beneficiar at\u00e9 56 mil pessoas diariamente.<\/span><\/p>\n<p><span style=\"font-weight: 400;\">A primeira fase do BRT vai come\u00e7ar a funcionar at\u00e9 o fim do primeiro semestre. O projeto contempla 1.800 metros de faixas exclusivas em cada sentido da Avenida Aguanambi e no canteiro central, compreendendo o trecho da rotat\u00f3ria da Avenida Eduardo Gir\u00e3o at\u00e9 a Avenida Domingos Ol\u00edmpio. Contando com quatro esta\u00e7\u00f5es e recebendo a demanda de at\u00e9 70 \u00f4nibus distribu\u00eddos em oito linhas.<\/span><\/p>\n","protected":false},"excerpt":{"rendered":"<p>A nova avenida Aguanambi, em Fortaleza,deve ser entregue pela Prefeitura em abril. Mas um dos objetivos da via requalificada \u00e9 favorecer o transporte coletivo com a instala\u00e7\u00e3o de um corredor exclusivo para \u00f4nibus com esta\u00e7\u00f5es instaladas no canteiro central. Ser\u00e1 o segundo da Capital. O primeiro funciona na avenida Bezerra de Menezes. O corredor da Aguanambi \u00e9 a primeira parte do BRT que ligar\u00e1 Messejana at\u00e9 a Pra\u00e7a Cora\u00e7\u00e3o de Jesus e promete beneficiar at\u00e9 56 mil pessoas diariamente.&hellip;<\/p>\n","protected":false},"author":1,"featured_media":0,"comment_status":"open","ping_status":"open","sticky":false,"template":"","format":"standard","meta":{"footnotes":""},"categories":[1],"tags":[],"class_list":["post-8495","post","type-post","status-publish","format-standard","hentry","category-noticias"],"_links":{"self":[{"href":"https:\/\/blogdorogeriogomes.com.br\/noticias\/wp-json\/wp\/v2\/posts\/8495","targetHints":{"allow":["GET"]}}],"collection":[{"href":"https:\/\/blogdorogeriogomes.com.br\/noticias\/wp-json\/wp\/v2\/posts"}],"about":[{"href":"https:\/\/blogdorogeriogomes.com.br\/noticias\/wp-json\/wp\/v2\/types\/post"}],"author":[{"embeddable":true,"href":"https:\/\/blogdorogeriogomes.com.br\/noticias\/wp-json\/wp\/v2\/users\/1"}],"replies":[{"embeddable":true,"href":"https:\/\/blogdorogeriogomes.com.br\/noticias\/wp-json\/wp\/v2\/comments?post=8495"}],"version-history":[{"count":1,"href":"https:\/\/blogdorogeriogomes.com.br\/noticias\/wp-json\/wp\/v2\/posts\/8495\/revisions"}],"predecessor-version":[{"id":8497,"href":"https:\/\/blogdorogeriogomes.com.br\/noticias\/wp-json\/wp\/v2\/posts\/8495\/revisions\/8497"}],"wp:attachment":[{"href":"https:\/\/blogdorogeriogomes.com.br\/noticias\/wp-json\/wp\/v2\/media?parent=8495"}],"wp:term":[{"taxonomy":"category","embeddable":true,"href":"https:\/\/blogdorogeriogomes.com.br\/noticias\/wp-json\/wp\/v2\/categories?post=8495"},{"taxonomy":"post_tag","embeddable":true,"href":"https:\/\/blogdorogeriogomes.com.br\/noticias\/wp-json\/wp\/v2\/tags?post=8495"}],"curies":[{"name":"wp","href":"https:\/\/api.w.org\/{rel}","templated":true}]}}