{"id":8507,"date":"2018-03-17T17:08:08","date_gmt":"2018-03-17T17:08:08","guid":{"rendered":"http:\/\/blogdorogeriogomes.com.br\/?p=8507"},"modified":"2018-03-17T17:08:08","modified_gmt":"2018-03-17T17:08:08","slug":"ministro-do-trabalho-vem-ao-ceara-e-inaugura-nova-agencia-em-maranguape","status":"publish","type":"post","link":"https:\/\/blogdorogeriogomes.com.br\/noticias\/2018\/03\/ministro-do-trabalho-vem-ao-ceara-e-inaugura-nova-agencia-em-maranguape\/","title":{"rendered":"Ministro do Trabalho vem ao Cear\u00e1 e inaugura nova ag\u00eancia em Maranguape"},"content":{"rendered":"<p><img loading=\"lazy\" decoding=\"async\" class=\"alignnone size-medium wp-image-8508\" src=\"http:\/\/blogdorogeriogomes.com.br\/wp-content\/uploads\/2018\/03\/IMG_20180317_140040_367-300x223.jpg\" alt=\"IMG_20180317_140040_367\" width=\"300\" height=\"223\" srcset=\"https:\/\/blogdorogeriogomes.com.br\/noticias\/wp-content\/uploads\/2018\/03\/IMG_20180317_140040_367-300x223.jpg 300w, https:\/\/blogdorogeriogomes.com.br\/noticias\/wp-content\/uploads\/2018\/03\/IMG_20180317_140040_367-768x572.jpg 768w, https:\/\/blogdorogeriogomes.com.br\/noticias\/wp-content\/uploads\/2018\/03\/IMG_20180317_140040_367.jpg 1001w\" sizes=\"auto, (max-width: 300px) 100vw, 300px\" \/><\/p>\n<p><span style=\"font-weight: 400;\">O ministro do Trabalho, Helton Yomura, estar\u00e1 no Cear\u00e1 na pr\u00f3xima ter\u00e7a-feira, dia 20 de mar\u00e7o. Ao lado do superintendente regional do Trabalho, F\u00e1bio Zech, ele inaugura uma nova Ag\u00eancia do Minist\u00e9rio do Trabalho no munic\u00edpio de Maranguape, na Regi\u00e3o Metropolitana de Fortaleza.<\/span><\/p>\n<p><span style=\"font-weight: 400;\">O evento ter\u00e1 a presen\u00e7a do deputado federal Raimundo Gomes de Matos (PSDB), que foi um dos articuladores para que a ag\u00eancia fosse implantada no munic\u00edpio, e do presidente da Confedera\u00e7\u00e3o das C\u00e2maras de Dirigentes Lojistas do Cear\u00e1, Francisco Freitas Cordeiro.<\/span><\/p>\n<p><span style=\"font-weight: 400;\">A expectativa \u00e9 que a nova ag\u00eancia tenha capacidade para atender a cerca de 200 trabalhadores por dia. O novo equipamento funcionar\u00e1 nas depend\u00eancias do Maranguape Shopping Mall. <\/span><\/p>\n","protected":false},"excerpt":{"rendered":"<p>O ministro do Trabalho, Helton Yomura, estar\u00e1 no Cear\u00e1 na pr\u00f3xima ter\u00e7a-feira, dia 20 de mar\u00e7o. Ao lado do superintendente regional do Trabalho, F\u00e1bio Zech, ele inaugura uma nova Ag\u00eancia do Minist\u00e9rio do Trabalho no munic\u00edpio de Maranguape, na Regi\u00e3o Metropolitana de Fortaleza. O evento ter\u00e1 a presen\u00e7a do deputado federal Raimundo Gomes de Matos (PSDB), que foi um dos articuladores para que a ag\u00eancia fosse implantada no munic\u00edpio, e do presidente da Confedera\u00e7\u00e3o das C\u00e2maras de Dirigentes Lojistas&hellip;<\/p>\n","protected":false},"author":1,"featured_media":0,"comment_status":"open","ping_status":"open","sticky":false,"template":"","format":"standard","meta":{"footnotes":""},"categories":[1],"tags":[],"class_list":["post-8507","post","type-post","status-publish","format-standard","hentry","category-noticias"],"_links":{"self":[{"href":"https:\/\/blogdorogeriogomes.com.br\/noticias\/wp-json\/wp\/v2\/posts\/8507","targetHints":{"allow":["GET"]}}],"collection":[{"href":"https:\/\/blogdorogeriogomes.com.br\/noticias\/wp-json\/wp\/v2\/posts"}],"about":[{"href":"https:\/\/blogdorogeriogomes.com.br\/noticias\/wp-json\/wp\/v2\/types\/post"}],"author":[{"embeddable":true,"href":"https:\/\/blogdorogeriogomes.com.br\/noticias\/wp-json\/wp\/v2\/users\/1"}],"replies":[{"embeddable":true,"href":"https:\/\/blogdorogeriogomes.com.br\/noticias\/wp-json\/wp\/v2\/comments?post=8507"}],"version-history":[{"count":1,"href":"https:\/\/blogdorogeriogomes.com.br\/noticias\/wp-json\/wp\/v2\/posts\/8507\/revisions"}],"predecessor-version":[{"id":8509,"href":"https:\/\/blogdorogeriogomes.com.br\/noticias\/wp-json\/wp\/v2\/posts\/8507\/revisions\/8509"}],"wp:attachment":[{"href":"https:\/\/blogdorogeriogomes.com.br\/noticias\/wp-json\/wp\/v2\/media?parent=8507"}],"wp:term":[{"taxonomy":"category","embeddable":true,"href":"https:\/\/blogdorogeriogomes.com.br\/noticias\/wp-json\/wp\/v2\/categories?post=8507"},{"taxonomy":"post_tag","embeddable":true,"href":"https:\/\/blogdorogeriogomes.com.br\/noticias\/wp-json\/wp\/v2\/tags?post=8507"}],"curies":[{"name":"wp","href":"https:\/\/api.w.org\/{rel}","templated":true}]}}