{"id":8515,"date":"2018-03-18T10:49:56","date_gmt":"2018-03-18T10:49:56","guid":{"rendered":"http:\/\/blogdorogeriogomes.com.br\/?p=8515"},"modified":"2018-03-18T10:49:56","modified_gmt":"2018-03-18T10:49:56","slug":"ministerio-das-cidades-revoga-mudancas-na-renovacao-da-carteira-de-motorista","status":"publish","type":"post","link":"https:\/\/blogdorogeriogomes.com.br\/noticias\/2018\/03\/ministerio-das-cidades-revoga-mudancas-na-renovacao-da-carteira-de-motorista\/","title":{"rendered":"Minist\u00e9rio das Cidades revoga mudan\u00e7as na renova\u00e7\u00e3o da carteira de motorista"},"content":{"rendered":"<p><img loading=\"lazy\" decoding=\"async\" class=\"alignnone size-medium wp-image-8516\" src=\"http:\/\/blogdorogeriogomes.com.br\/wp-content\/uploads\/2018\/03\/images-57-300x182.jpeg\" alt=\"images (57)\" width=\"300\" height=\"182\" srcset=\"https:\/\/blogdorogeriogomes.com.br\/noticias\/wp-content\/uploads\/2018\/03\/images-57-300x182.jpeg 300w, https:\/\/blogdorogeriogomes.com.br\/noticias\/wp-content\/uploads\/2018\/03\/images-57.jpeg 492w\" sizes=\"auto, (max-width: 300px) 100vw, 300px\" \/><\/p>\n<p><span style=\"font-weight: 400;\">Diante da repercuss\u00e3o negativa das mudan\u00e7as anunciadas pelo Conselho Nacional de Tr\u00e2nsito (Contran) na renova\u00e7\u00e3o da Carteira Nacional de Habilita\u00e7\u00e3o (CNH), o ministro das Cidades, Alexandre Baldy, resolveu recuar. Acabou revogando a exig\u00eancia de que o motorista tinha que fazer um novo curso te\u00f3rico e ser submetido a uma prova.<\/span><span style=\"font-weight: 400;\"><br \/>\n<\/span><span style=\"font-weight: 400;\"> A medida seria implantada somente a partir do dia 5 de junho. Entre as altera\u00e7\u00f5es que tamb\u00e9m haviam sido anunciadas e que ser\u00e3o revogadas, est\u00e1 a exig\u00eancia de que o candidato a habilita\u00e7\u00e3o deva passar por duas provas de balizas para tirar a CNH e que os motociclistas deveriam fazer exames nas ruas.<\/span><\/p>\n","protected":false},"excerpt":{"rendered":"<p>Diante da repercuss\u00e3o negativa das mudan\u00e7as anunciadas pelo Conselho Nacional de Tr\u00e2nsito (Contran) na renova\u00e7\u00e3o da Carteira Nacional de Habilita\u00e7\u00e3o (CNH), o ministro das Cidades, Alexandre Baldy, resolveu recuar. Acabou revogando a exig\u00eancia de que o motorista tinha que fazer um novo curso te\u00f3rico e ser submetido a uma prova. A medida seria implantada somente a partir do dia 5 de junho. Entre as altera\u00e7\u00f5es que tamb\u00e9m haviam sido anunciadas e que ser\u00e3o revogadas, est\u00e1 a exig\u00eancia de que&hellip;<\/p>\n","protected":false},"author":1,"featured_media":0,"comment_status":"open","ping_status":"open","sticky":false,"template":"","format":"standard","meta":{"footnotes":""},"categories":[1],"tags":[],"class_list":["post-8515","post","type-post","status-publish","format-standard","hentry","category-noticias"],"_links":{"self":[{"href":"https:\/\/blogdorogeriogomes.com.br\/noticias\/wp-json\/wp\/v2\/posts\/8515","targetHints":{"allow":["GET"]}}],"collection":[{"href":"https:\/\/blogdorogeriogomes.com.br\/noticias\/wp-json\/wp\/v2\/posts"}],"about":[{"href":"https:\/\/blogdorogeriogomes.com.br\/noticias\/wp-json\/wp\/v2\/types\/post"}],"author":[{"embeddable":true,"href":"https:\/\/blogdorogeriogomes.com.br\/noticias\/wp-json\/wp\/v2\/users\/1"}],"replies":[{"embeddable":true,"href":"https:\/\/blogdorogeriogomes.com.br\/noticias\/wp-json\/wp\/v2\/comments?post=8515"}],"version-history":[{"count":1,"href":"https:\/\/blogdorogeriogomes.com.br\/noticias\/wp-json\/wp\/v2\/posts\/8515\/revisions"}],"predecessor-version":[{"id":8517,"href":"https:\/\/blogdorogeriogomes.com.br\/noticias\/wp-json\/wp\/v2\/posts\/8515\/revisions\/8517"}],"wp:attachment":[{"href":"https:\/\/blogdorogeriogomes.com.br\/noticias\/wp-json\/wp\/v2\/media?parent=8515"}],"wp:term":[{"taxonomy":"category","embeddable":true,"href":"https:\/\/blogdorogeriogomes.com.br\/noticias\/wp-json\/wp\/v2\/categories?post=8515"},{"taxonomy":"post_tag","embeddable":true,"href":"https:\/\/blogdorogeriogomes.com.br\/noticias\/wp-json\/wp\/v2\/tags?post=8515"}],"curies":[{"name":"wp","href":"https:\/\/api.w.org\/{rel}","templated":true}]}}