{"id":8529,"date":"2018-03-19T20:17:10","date_gmt":"2018-03-19T20:17:10","guid":{"rendered":"http:\/\/blogdorogeriogomes.com.br\/?p=8529"},"modified":"2018-03-19T20:18:55","modified_gmt":"2018-03-19T20:18:55","slug":"8529","status":"publish","type":"post","link":"https:\/\/blogdorogeriogomes.com.br\/noticias\/2018\/03\/8529\/","title":{"rendered":"Governo do Estado anuncia investimentos superiores a R$ 660 milh\u00f5es no Dia de S\u00e3o Jos\u00e9"},"content":{"rendered":"<p><img loading=\"lazy\" decoding=\"async\" class=\"alignnone size-medium wp-image-8531\" src=\"http:\/\/blogdorogeriogomes.com.br\/wp-content\/uploads\/2018\/03\/IMG_20180319_171812-300x264.jpg\" alt=\"IMG_20180319_171812\" width=\"300\" height=\"264\" srcset=\"https:\/\/blogdorogeriogomes.com.br\/noticias\/wp-content\/uploads\/2018\/03\/IMG_20180319_171812-300x264.jpg 300w, https:\/\/blogdorogeriogomes.com.br\/noticias\/wp-content\/uploads\/2018\/03\/IMG_20180319_171812-768x675.jpg 768w, https:\/\/blogdorogeriogomes.com.br\/noticias\/wp-content\/uploads\/2018\/03\/IMG_20180319_171812.jpg 849w\" sizes=\"auto, (max-width: 300px) 100vw, 300px\" \/><\/p>\n<p><span style=\"font-size: 0.8rem;\">O Governo do Cear\u00e1 realizou, nesta segunda-feira, dia 19 de mar\u00e7o, em Fortaleza, o lan\u00e7amento de investimentos na ordem de R$ 660.334.308,03 em a\u00e7\u00f5es nas \u00e1reas de abastecimento de \u00e1gua, projetos produtivos, al\u00e9m da entrega de tratores a comunidades rurais.<\/span><\/p>\n<p>A solenidade foi presidida pelo governador Camilo Santana, que esteve acompanhado do secret\u00e1rio do Desenvolvimento Agr\u00e1rio, Ded\u00e9 Teixeira, de deputados federais, estaduais, lideran\u00e7as do movimento agr\u00e1rio, agricultores, vereadores e prefeitos do Interior.<\/p>\n<p>O an\u00fancio dos investimentos feito pelo chefe do Executivo marcou o in\u00edcio da segunda fase do Projeto S\u00e3o Jos\u00e9, que contar\u00e1 com recursos da ordem de US$ 150 milh\u00f5es (em torno de R$ 490 milh\u00f5es). Foram entregues 173 planos de neg\u00f3cios com mecaniza\u00e7\u00e3o agr\u00edcola do Projeto S\u00e3o Jos\u00e9 III (tratores e implementos), no valor de R$ 21.729.156,57.<\/p>\n<p>Outras aplica\u00e7\u00f5es foram a libera\u00e7\u00e3o de R$ 34.885.840,70 para constru\u00e7\u00e3o de cisternas de placas e escolares, disponibiliza\u00e7\u00e3o de R$ 30.581.196,86 milh\u00f5es para implanta\u00e7\u00e3o de 152 projetos produtivos do Projeto Paulo Freire e autoriza\u00e7\u00e3o para libera\u00e7\u00e3o de outros R$ 83.138.114,00, beneficiando 478 comunidades rurais. O Governo tamb\u00e9m entregou, durante o evento, t\u00edtulos de terra para os agricultores familiares.<\/p>\n","protected":false},"excerpt":{"rendered":"<p>O Governo do Cear\u00e1 realizou, nesta segunda-feira, dia 19 de mar\u00e7o, em Fortaleza, o lan\u00e7amento de investimentos na ordem de R$ 660.334.308,03 em a\u00e7\u00f5es nas \u00e1reas de abastecimento de \u00e1gua, projetos produtivos, al\u00e9m da entrega de tratores a comunidades rurais. A solenidade foi presidida pelo governador Camilo Santana, que esteve acompanhado do secret\u00e1rio do Desenvolvimento Agr\u00e1rio, Ded\u00e9 Teixeira, de deputados federais, estaduais, lideran\u00e7as do movimento agr\u00e1rio, agricultores, vereadores e prefeitos do Interior. O an\u00fancio dos investimentos feito pelo chefe&hellip;<\/p>\n","protected":false},"author":1,"featured_media":0,"comment_status":"open","ping_status":"open","sticky":false,"template":"","format":"standard","meta":{"footnotes":""},"categories":[1],"tags":[],"class_list":["post-8529","post","type-post","status-publish","format-standard","hentry","category-noticias"],"_links":{"self":[{"href":"https:\/\/blogdorogeriogomes.com.br\/noticias\/wp-json\/wp\/v2\/posts\/8529","targetHints":{"allow":["GET"]}}],"collection":[{"href":"https:\/\/blogdorogeriogomes.com.br\/noticias\/wp-json\/wp\/v2\/posts"}],"about":[{"href":"https:\/\/blogdorogeriogomes.com.br\/noticias\/wp-json\/wp\/v2\/types\/post"}],"author":[{"embeddable":true,"href":"https:\/\/blogdorogeriogomes.com.br\/noticias\/wp-json\/wp\/v2\/users\/1"}],"replies":[{"embeddable":true,"href":"https:\/\/blogdorogeriogomes.com.br\/noticias\/wp-json\/wp\/v2\/comments?post=8529"}],"version-history":[{"count":3,"href":"https:\/\/blogdorogeriogomes.com.br\/noticias\/wp-json\/wp\/v2\/posts\/8529\/revisions"}],"predecessor-version":[{"id":8534,"href":"https:\/\/blogdorogeriogomes.com.br\/noticias\/wp-json\/wp\/v2\/posts\/8529\/revisions\/8534"}],"wp:attachment":[{"href":"https:\/\/blogdorogeriogomes.com.br\/noticias\/wp-json\/wp\/v2\/media?parent=8529"}],"wp:term":[{"taxonomy":"category","embeddable":true,"href":"https:\/\/blogdorogeriogomes.com.br\/noticias\/wp-json\/wp\/v2\/categories?post=8529"},{"taxonomy":"post_tag","embeddable":true,"href":"https:\/\/blogdorogeriogomes.com.br\/noticias\/wp-json\/wp\/v2\/tags?post=8529"}],"curies":[{"name":"wp","href":"https:\/\/api.w.org\/{rel}","templated":true}]}}