{"id":8559,"date":"2018-03-22T00:15:46","date_gmt":"2018-03-22T00:15:46","guid":{"rendered":"http:\/\/blogdorogeriogomes.com.br\/?p=8559"},"modified":"2018-03-22T00:15:46","modified_gmt":"2018-03-22T00:15:46","slug":"sob-pressao-ministra-carmen-lucia-coloca-habeas-corpus-preventivo-de-lula-em-votacao","status":"publish","type":"post","link":"https:\/\/blogdorogeriogomes.com.br\/noticias\/2018\/03\/sob-pressao-ministra-carmen-lucia-coloca-habeas-corpus-preventivo-de-lula-em-votacao\/","title":{"rendered":"Sob press\u00e3o, ministra C\u00e1rmen L\u00facia coloca habeas corpus preventivo de Lula em vota\u00e7\u00e3o"},"content":{"rendered":"<p><img loading=\"lazy\" decoding=\"async\" class=\"alignnone size-medium wp-image-8560\" src=\"http:\/\/blogdorogeriogomes.com.br\/wp-content\/uploads\/2018\/03\/images-5-300x157.jpeg\" alt=\"images (5)\" width=\"300\" height=\"157\" srcset=\"https:\/\/blogdorogeriogomes.com.br\/noticias\/wp-content\/uploads\/2018\/03\/images-5-300x157.jpeg 300w, https:\/\/blogdorogeriogomes.com.br\/noticias\/wp-content\/uploads\/2018\/03\/images-5.jpeg 530w\" sizes=\"auto, (max-width: 300px) 100vw, 300px\" \/><\/p>\n<p><span style=\"font-weight: 400;\">A presidente do STF, ministra C\u00e1rmen L\u00facia, cedeu \u00e0 press\u00e3o e vai colocar, nesta quinta-feira, dia 22 de mar\u00e7o, a vota\u00e7\u00e3o em plen\u00e1rio do habeas corpus preventivo do ex-presidente Lula. O advogado do petista, Sep\u00falveda Pertence diz acreditar que o STF far\u00e1 um \u201cjulgamento justo\u201d.<\/span><\/p>\n<p><span style=\"font-weight: 400;\">Esta ser\u00e1 a forma de livrar o ex-presidente Lula de uma pris\u00e3o iminente. Com julgamento de recurso no Tribunal Regional Federal da 4\u00aa Regi\u00e3o marcado para a pr\u00f3xima segunda-feira, dia 26 de mar\u00e7o, h\u00e1 possibilidade da pris\u00e3o de Lula ser decretada em seguida. Se n\u00e3o conseguir o habeas preventivo, Lula pode seguir direto para o regime fechado. <\/span><\/p>\n<p><span style=\"font-weight: 400;\">Os ministros do STF se mostram divididos em rela\u00e7\u00e3o ao tema da pris\u00e3o ap\u00f3s julgamento em segunda inst\u00e2ncia. O que vai acontecer nesta quinta-feira promete esquentar ainda mais o clima de sucess\u00e3o presidencial. Afinal, os advers\u00e1rios de Lula consideram que se ele for preso, estar\u00e1 praticamente fora da corrida eleitoral.<\/span><\/p>\n","protected":false},"excerpt":{"rendered":"<p>A presidente do STF, ministra C\u00e1rmen L\u00facia, cedeu \u00e0 press\u00e3o e vai colocar, nesta quinta-feira, dia 22 de mar\u00e7o, a vota\u00e7\u00e3o em plen\u00e1rio do habeas corpus preventivo do ex-presidente Lula. O advogado do petista, Sep\u00falveda Pertence diz acreditar que o STF far\u00e1 um \u201cjulgamento justo\u201d. Esta ser\u00e1 a forma de livrar o ex-presidente Lula de uma pris\u00e3o iminente. Com julgamento de recurso no Tribunal Regional Federal da 4\u00aa Regi\u00e3o marcado para a pr\u00f3xima segunda-feira, dia 26 de mar\u00e7o, h\u00e1&hellip;<\/p>\n","protected":false},"author":1,"featured_media":0,"comment_status":"open","ping_status":"open","sticky":false,"template":"","format":"standard","meta":{"footnotes":""},"categories":[1],"tags":[],"class_list":["post-8559","post","type-post","status-publish","format-standard","hentry","category-noticias"],"_links":{"self":[{"href":"https:\/\/blogdorogeriogomes.com.br\/noticias\/wp-json\/wp\/v2\/posts\/8559","targetHints":{"allow":["GET"]}}],"collection":[{"href":"https:\/\/blogdorogeriogomes.com.br\/noticias\/wp-json\/wp\/v2\/posts"}],"about":[{"href":"https:\/\/blogdorogeriogomes.com.br\/noticias\/wp-json\/wp\/v2\/types\/post"}],"author":[{"embeddable":true,"href":"https:\/\/blogdorogeriogomes.com.br\/noticias\/wp-json\/wp\/v2\/users\/1"}],"replies":[{"embeddable":true,"href":"https:\/\/blogdorogeriogomes.com.br\/noticias\/wp-json\/wp\/v2\/comments?post=8559"}],"version-history":[{"count":1,"href":"https:\/\/blogdorogeriogomes.com.br\/noticias\/wp-json\/wp\/v2\/posts\/8559\/revisions"}],"predecessor-version":[{"id":8561,"href":"https:\/\/blogdorogeriogomes.com.br\/noticias\/wp-json\/wp\/v2\/posts\/8559\/revisions\/8561"}],"wp:attachment":[{"href":"https:\/\/blogdorogeriogomes.com.br\/noticias\/wp-json\/wp\/v2\/media?parent=8559"}],"wp:term":[{"taxonomy":"category","embeddable":true,"href":"https:\/\/blogdorogeriogomes.com.br\/noticias\/wp-json\/wp\/v2\/categories?post=8559"},{"taxonomy":"post_tag","embeddable":true,"href":"https:\/\/blogdorogeriogomes.com.br\/noticias\/wp-json\/wp\/v2\/tags?post=8559"}],"curies":[{"name":"wp","href":"https:\/\/api.w.org\/{rel}","templated":true}]}}