{"id":8570,"date":"2018-03-22T22:50:43","date_gmt":"2018-03-22T22:50:43","guid":{"rendered":"http:\/\/blogdorogeriogomes.com.br\/?p=8570"},"modified":"2018-03-22T22:50:43","modified_gmt":"2018-03-22T22:50:43","slug":"stf-decide-que-lula-nao-pode-ser-preso-ate-julgamento-de-habeas-corpus-em-4-de-abril","status":"publish","type":"post","link":"https:\/\/blogdorogeriogomes.com.br\/noticias\/2018\/03\/stf-decide-que-lula-nao-pode-ser-preso-ate-julgamento-de-habeas-corpus-em-4-de-abril\/","title":{"rendered":"STF decide que Lula n\u00e3o pode ser preso at\u00e9 julgamento de habeas corpus em 4 de abril"},"content":{"rendered":"<p><img loading=\"lazy\" decoding=\"async\" class=\"alignnone size-medium wp-image-8571\" src=\"http:\/\/blogdorogeriogomes.com.br\/wp-content\/uploads\/2018\/03\/unnamed-300x175.jpg\" alt=\"unnamed\" width=\"300\" height=\"175\" srcset=\"https:\/\/blogdorogeriogomes.com.br\/noticias\/wp-content\/uploads\/2018\/03\/unnamed-300x175.jpg 300w, https:\/\/blogdorogeriogomes.com.br\/noticias\/wp-content\/uploads\/2018\/03\/unnamed.jpg 503w\" sizes=\"auto, (max-width: 300px) 100vw, 300px\" \/><\/p>\n<p><span style=\"font-weight: 400;\">O ex-presidente Lula n\u00e3o pode ser preso at\u00e9 o dia 4 de abril. A decis\u00e3o \u00e9 do Supremo Tribunal Federal que suspendeu nesta quinta-feira, dia 22 de mar\u00e7o, o julgamento do habeas corpus preventivo solicitado pelos advogados de defesa do petista. O julgamento ser\u00e1 retomado no dia 4 de abril, ap\u00f3s a Semana Santa.<\/span><\/p>\n<p><span style=\"font-weight: 400;\">Assim, Lula permanecer\u00e1 em liberdade mesmo que na pr\u00f3xima segunda-feira, dia 26, o Tribunal Federal Regional da 4\u00aa Regi\u00e3o julgue de forma contr\u00e1ria o \u00faltimo recurso da defesa de Lula contra a condena\u00e7\u00e3o do petista no caso do tr\u00edplex no Guaruj\u00e1. Os desembargadores do TRF-4 tinham \u00a0determinado que, se o recurso da defesa fosse negado, o ex-presidente deveria come\u00e7ar a cumprir a pena de pris\u00e3o de forma imediata.<\/span><\/p>\n<p><span style=\"font-weight: 400;\">No STF, a vota\u00e7\u00e3o foi de 6 a 5 em favor de Lula. Votaram favor\u00e1veis a suspens\u00e3o tempor\u00e1ria da pris\u00e3o os ministros Rosa Weber, Dias Toffoli, Ricardo Lewandowski, Gilmar Mendes, Celso de Mello e Marco Aur\u00e9lio Mello. Votaram contra Edson Fachin,<\/span><span style=\"font-weight: 400;\"><br \/>\n<\/span><span style=\"font-weight: 400;\">Alexandre de Moraes, Lu\u00eds Roberto Barroso,Luiz Fux e C\u00e1rmen L\u00facia.<\/span><\/p>\n","protected":false},"excerpt":{"rendered":"<p>O ex-presidente Lula n\u00e3o pode ser preso at\u00e9 o dia 4 de abril. A decis\u00e3o \u00e9 do Supremo Tribunal Federal que suspendeu nesta quinta-feira, dia 22 de mar\u00e7o, o julgamento do habeas corpus preventivo solicitado pelos advogados de defesa do petista. O julgamento ser\u00e1 retomado no dia 4 de abril, ap\u00f3s a Semana Santa. Assim, Lula permanecer\u00e1 em liberdade mesmo que na pr\u00f3xima segunda-feira, dia 26, o Tribunal Federal Regional da 4\u00aa Regi\u00e3o julgue de forma contr\u00e1ria o \u00faltimo&hellip;<\/p>\n","protected":false},"author":1,"featured_media":0,"comment_status":"open","ping_status":"open","sticky":false,"template":"","format":"standard","meta":{"footnotes":""},"categories":[1],"tags":[],"class_list":["post-8570","post","type-post","status-publish","format-standard","hentry","category-noticias"],"_links":{"self":[{"href":"https:\/\/blogdorogeriogomes.com.br\/noticias\/wp-json\/wp\/v2\/posts\/8570","targetHints":{"allow":["GET"]}}],"collection":[{"href":"https:\/\/blogdorogeriogomes.com.br\/noticias\/wp-json\/wp\/v2\/posts"}],"about":[{"href":"https:\/\/blogdorogeriogomes.com.br\/noticias\/wp-json\/wp\/v2\/types\/post"}],"author":[{"embeddable":true,"href":"https:\/\/blogdorogeriogomes.com.br\/noticias\/wp-json\/wp\/v2\/users\/1"}],"replies":[{"embeddable":true,"href":"https:\/\/blogdorogeriogomes.com.br\/noticias\/wp-json\/wp\/v2\/comments?post=8570"}],"version-history":[{"count":1,"href":"https:\/\/blogdorogeriogomes.com.br\/noticias\/wp-json\/wp\/v2\/posts\/8570\/revisions"}],"predecessor-version":[{"id":8572,"href":"https:\/\/blogdorogeriogomes.com.br\/noticias\/wp-json\/wp\/v2\/posts\/8570\/revisions\/8572"}],"wp:attachment":[{"href":"https:\/\/blogdorogeriogomes.com.br\/noticias\/wp-json\/wp\/v2\/media?parent=8570"}],"wp:term":[{"taxonomy":"category","embeddable":true,"href":"https:\/\/blogdorogeriogomes.com.br\/noticias\/wp-json\/wp\/v2\/categories?post=8570"},{"taxonomy":"post_tag","embeddable":true,"href":"https:\/\/blogdorogeriogomes.com.br\/noticias\/wp-json\/wp\/v2\/tags?post=8570"}],"curies":[{"name":"wp","href":"https:\/\/api.w.org\/{rel}","templated":true}]}}