{"id":8576,"date":"2018-03-23T09:36:27","date_gmt":"2018-03-23T09:36:27","guid":{"rendered":"http:\/\/blogdorogeriogomes.com.br\/?p=8576"},"modified":"2018-03-23T09:36:27","modified_gmt":"2018-03-23T09:36:27","slug":"consumidores-prejudicados-pelo-apagao-devem-buscar-ressarcimento-na-enel","status":"publish","type":"post","link":"https:\/\/blogdorogeriogomes.com.br\/noticias\/2018\/03\/consumidores-prejudicados-pelo-apagao-devem-buscar-ressarcimento-na-enel\/","title":{"rendered":"Consumidores prejudicados pelo apag\u00e3o devem buscar ressarcimento na Enel"},"content":{"rendered":"<p><img loading=\"lazy\" decoding=\"async\" class=\"alignnone size-medium wp-image-8577\" src=\"http:\/\/blogdorogeriogomes.com.br\/wp-content\/uploads\/2018\/03\/unnamed-1-300x200.jpg\" alt=\"unnamed (1)\" width=\"300\" height=\"200\" srcset=\"https:\/\/blogdorogeriogomes.com.br\/noticias\/wp-content\/uploads\/2018\/03\/unnamed-1-300x200.jpg 300w, https:\/\/blogdorogeriogomes.com.br\/noticias\/wp-content\/uploads\/2018\/03\/unnamed-1.jpg 470w\" sizes=\"auto, (max-width: 300px) 100vw, 300px\" \/><\/p>\n<p><span style=\"font-weight: 400;\">Os \u00f3rg\u00e3os de defesa do consumidor na Capital &#8211; Procon e Decon &#8211; alertam que os consumidores que se sentiram prejudicados e tiveram preju\u00edzos com o apag\u00e3o da energia el\u00e9trica ocorrido no Norte e Nordeste do Pa\u00eds, na \u00faltima quarta-feira, dia 21 de mar\u00e7o, devem procurar a Enel. A empresa respons\u00e1vel pela distribui\u00e7\u00e3o de energia no Cear\u00e1 tem at\u00e9 10 dias para se manifestar sobre o apag\u00e3o.<\/span><\/p>\n<p><span style=\"font-weight: 400;\">Apesar de n\u00e3o estar comprovada a responsabilidade direta da Enel pelo problema, a empresa \u00e9 considerada respons\u00e1vel solid\u00e1ria e, por isso, deve instaurar procedimento para providenciar o ressarcimento do consumidor que tenha se sentido lesado pela falta de energia el\u00e9trica.<\/span><span style=\"font-weight: 400;\"><br \/>\n<\/span><span style=\"font-weight: 400;\">Procon Municipal e Decon ressaltam que somente em caso de dificuldade de um acerto com a Enel \u00e9 que o consumidor deve formalizar uma reclama\u00e7\u00e3o nos \u00f3rg\u00e3os de defesa.<\/span><\/p>\n","protected":false},"excerpt":{"rendered":"<p>Os \u00f3rg\u00e3os de defesa do consumidor na Capital &#8211; Procon e Decon &#8211; alertam que os consumidores que se sentiram prejudicados e tiveram preju\u00edzos com o apag\u00e3o da energia el\u00e9trica ocorrido no Norte e Nordeste do Pa\u00eds, na \u00faltima quarta-feira, dia 21 de mar\u00e7o, devem procurar a Enel. A empresa respons\u00e1vel pela distribui\u00e7\u00e3o de energia no Cear\u00e1 tem at\u00e9 10 dias para se manifestar sobre o apag\u00e3o. Apesar de n\u00e3o estar comprovada a responsabilidade direta da Enel pelo problema,&hellip;<\/p>\n","protected":false},"author":1,"featured_media":0,"comment_status":"open","ping_status":"open","sticky":false,"template":"","format":"standard","meta":{"footnotes":""},"categories":[1],"tags":[],"class_list":["post-8576","post","type-post","status-publish","format-standard","hentry","category-noticias"],"_links":{"self":[{"href":"https:\/\/blogdorogeriogomes.com.br\/noticias\/wp-json\/wp\/v2\/posts\/8576","targetHints":{"allow":["GET"]}}],"collection":[{"href":"https:\/\/blogdorogeriogomes.com.br\/noticias\/wp-json\/wp\/v2\/posts"}],"about":[{"href":"https:\/\/blogdorogeriogomes.com.br\/noticias\/wp-json\/wp\/v2\/types\/post"}],"author":[{"embeddable":true,"href":"https:\/\/blogdorogeriogomes.com.br\/noticias\/wp-json\/wp\/v2\/users\/1"}],"replies":[{"embeddable":true,"href":"https:\/\/blogdorogeriogomes.com.br\/noticias\/wp-json\/wp\/v2\/comments?post=8576"}],"version-history":[{"count":1,"href":"https:\/\/blogdorogeriogomes.com.br\/noticias\/wp-json\/wp\/v2\/posts\/8576\/revisions"}],"predecessor-version":[{"id":8578,"href":"https:\/\/blogdorogeriogomes.com.br\/noticias\/wp-json\/wp\/v2\/posts\/8576\/revisions\/8578"}],"wp:attachment":[{"href":"https:\/\/blogdorogeriogomes.com.br\/noticias\/wp-json\/wp\/v2\/media?parent=8576"}],"wp:term":[{"taxonomy":"category","embeddable":true,"href":"https:\/\/blogdorogeriogomes.com.br\/noticias\/wp-json\/wp\/v2\/categories?post=8576"},{"taxonomy":"post_tag","embeddable":true,"href":"https:\/\/blogdorogeriogomes.com.br\/noticias\/wp-json\/wp\/v2\/tags?post=8576"}],"curies":[{"name":"wp","href":"https:\/\/api.w.org\/{rel}","templated":true}]}}