{"id":8589,"date":"2018-03-24T16:49:51","date_gmt":"2018-03-24T16:49:51","guid":{"rendered":"http:\/\/blogdorogeriogomes.com.br\/?p=8589"},"modified":"2018-03-24T16:49:51","modified_gmt":"2018-03-24T16:49:51","slug":"criticas-do-capitao-wagner-ao-psdb-complicam-a-definicao-da-chapa-oposicionista","status":"publish","type":"post","link":"https:\/\/blogdorogeriogomes.com.br\/noticias\/2018\/03\/criticas-do-capitao-wagner-ao-psdb-complicam-a-definicao-da-chapa-oposicionista\/","title":{"rendered":"Cr\u00edticas do Capit\u00e3o Wagner ao PSDB complicam a defini\u00e7\u00e3o da chapa oposicionista"},"content":{"rendered":"<p><img loading=\"lazy\" decoding=\"async\" class=\"alignnone size-medium wp-image-8590\" src=\"http:\/\/blogdorogeriogomes.com.br\/wp-content\/uploads\/2018\/03\/images-9-300x200.jpeg\" alt=\"images (9)\" width=\"300\" height=\"200\" srcset=\"https:\/\/blogdorogeriogomes.com.br\/noticias\/wp-content\/uploads\/2018\/03\/images-9-300x200.jpeg 300w, https:\/\/blogdorogeriogomes.com.br\/noticias\/wp-content\/uploads\/2018\/03\/images-9.jpeg 470w\" sizes=\"auto, (max-width: 300px) 100vw, 300px\" \/><\/p>\n<p><span style=\"font-weight: 400;\">Ficou para a pr\u00f3xima semana a reuni\u00e3o dos partidos de oposi\u00e7\u00e3o para o fechamento de uma chapa que enfrentar\u00e1 o atual governador Camilo Santana nas elei\u00e7\u00f5es deste ano. O encontro iria acontecer na sexta-feira, dia 23 de mar\u00e7o, mas foi desmarcado pelo PSDB, principal partido hoje de oposi\u00e7\u00e3o ao Governo Estadual. E o motivo mais claro do cancelamento da reuni\u00e3o foram as cr\u00edticas desferidas pelo Capit\u00e3o Wagner, agora no PROS, aos tucanos. Wagner disse que n\u00e3o vai ficar ref\u00e9m das decis\u00f5es vindas do partido do senador Tasso Jereissati. As declara\u00e7\u00f5es azedaram ainda mais a rela\u00e7\u00e3o entre o principal nome para encabe\u00e7ar a chapa ao Governo e os aliados oposicionistas.<\/span><\/p>\n<p><span style=\"font-weight: 400;\">Do jeito que a coisa vai, o deputado estadual Capit\u00e3o Wagner caminha para desistir da candidatura e se lan\u00e7ar a uma vaga na C\u00e2mara dos Deputados, que era o plano anterior ao de concorrer ao Governo Estadual.<\/span><\/p>\n","protected":false},"excerpt":{"rendered":"<p>Ficou para a pr\u00f3xima semana a reuni\u00e3o dos partidos de oposi\u00e7\u00e3o para o fechamento de uma chapa que enfrentar\u00e1 o atual governador Camilo Santana nas elei\u00e7\u00f5es deste ano. O encontro iria acontecer na sexta-feira, dia 23 de mar\u00e7o, mas foi desmarcado pelo PSDB, principal partido hoje de oposi\u00e7\u00e3o ao Governo Estadual. E o motivo mais claro do cancelamento da reuni\u00e3o foram as cr\u00edticas desferidas pelo Capit\u00e3o Wagner, agora no PROS, aos tucanos. Wagner disse que n\u00e3o vai ficar ref\u00e9m&hellip;<\/p>\n","protected":false},"author":1,"featured_media":0,"comment_status":"open","ping_status":"open","sticky":false,"template":"","format":"standard","meta":{"footnotes":""},"categories":[1],"tags":[],"class_list":["post-8589","post","type-post","status-publish","format-standard","hentry","category-noticias"],"_links":{"self":[{"href":"https:\/\/blogdorogeriogomes.com.br\/noticias\/wp-json\/wp\/v2\/posts\/8589","targetHints":{"allow":["GET"]}}],"collection":[{"href":"https:\/\/blogdorogeriogomes.com.br\/noticias\/wp-json\/wp\/v2\/posts"}],"about":[{"href":"https:\/\/blogdorogeriogomes.com.br\/noticias\/wp-json\/wp\/v2\/types\/post"}],"author":[{"embeddable":true,"href":"https:\/\/blogdorogeriogomes.com.br\/noticias\/wp-json\/wp\/v2\/users\/1"}],"replies":[{"embeddable":true,"href":"https:\/\/blogdorogeriogomes.com.br\/noticias\/wp-json\/wp\/v2\/comments?post=8589"}],"version-history":[{"count":1,"href":"https:\/\/blogdorogeriogomes.com.br\/noticias\/wp-json\/wp\/v2\/posts\/8589\/revisions"}],"predecessor-version":[{"id":8591,"href":"https:\/\/blogdorogeriogomes.com.br\/noticias\/wp-json\/wp\/v2\/posts\/8589\/revisions\/8591"}],"wp:attachment":[{"href":"https:\/\/blogdorogeriogomes.com.br\/noticias\/wp-json\/wp\/v2\/media?parent=8589"}],"wp:term":[{"taxonomy":"category","embeddable":true,"href":"https:\/\/blogdorogeriogomes.com.br\/noticias\/wp-json\/wp\/v2\/categories?post=8589"},{"taxonomy":"post_tag","embeddable":true,"href":"https:\/\/blogdorogeriogomes.com.br\/noticias\/wp-json\/wp\/v2\/tags?post=8589"}],"curies":[{"name":"wp","href":"https:\/\/api.w.org\/{rel}","templated":true}]}}