{"id":8592,"date":"2018-03-25T20:38:22","date_gmt":"2018-03-25T20:38:22","guid":{"rendered":"http:\/\/blogdorogeriogomes.com.br\/?p=8592"},"modified":"2018-03-25T20:38:22","modified_gmt":"2018-03-25T20:38:22","slug":"prefeitura-sindionibus-e-pm-montam-operacao-para-tentar-garantir-transporte-publico-na-capital","status":"publish","type":"post","link":"https:\/\/blogdorogeriogomes.com.br\/noticias\/2018\/03\/prefeitura-sindionibus-e-pm-montam-operacao-para-tentar-garantir-transporte-publico-na-capital\/","title":{"rendered":"Prefeitura, Sindionibus e PM montam opera\u00e7\u00e3o para tentar garantir transporte p\u00fablico na Capital"},"content":{"rendered":"<p><img loading=\"lazy\" decoding=\"async\" class=\"alignnone size-medium wp-image-8594\" src=\"http:\/\/blogdorogeriogomes.com.br\/wp-content\/uploads\/2018\/03\/IMG_20180325_173921-300x200.jpg\" alt=\"IMG_20180325_173921\" width=\"300\" height=\"200\" srcset=\"https:\/\/blogdorogeriogomes.com.br\/noticias\/wp-content\/uploads\/2018\/03\/IMG_20180325_173921-300x200.jpg 300w, https:\/\/blogdorogeriogomes.com.br\/noticias\/wp-content\/uploads\/2018\/03\/IMG_20180325_173921-768x513.jpg 768w, https:\/\/blogdorogeriogomes.com.br\/noticias\/wp-content\/uploads\/2018\/03\/IMG_20180325_173921.jpg 928w\" sizes=\"auto, (max-width: 300px) 100vw, 300px\" \/><\/p>\n<p><span style=\"font-weight: 400;\">Os ataques ao transporte coletivo da Capital durante o fim de semana deixaram a popula\u00e7\u00e3o com medo. Nesta segunda-feira, dia 26 de mar\u00e7o, as pessoas precisam retornar ao trabalho. A Prefeitura de Fortaleza, o Sindionibus e a Pol\u00edcia Militar garantem que a frota vai circular normalmente. Neste domingo, dia 25, o prefeito Roberto Cl\u00e1udio coordenou uma reuni\u00e3o na Etufor com o vice-prefeito Moroni Torgan, o presidente do Sindionibus, Dimas Barreira, e o comandante de Policiamento Comunit\u00e1rio da PMCE, coronel Fernando Albano.<\/span><\/p>\n<p><span style=\"font-weight: 400;\">Ficou definido que o trajeto dos \u00f4nibus ter\u00e1 escolta de viaturas da Pol\u00edcia Militar e da Guarda Municipal. Aeronaves do Ciopaer tamb\u00e9m ser\u00e3o acionadas durante o dia para acompanhamento no deslocamento dos coletivos.<\/span><\/p>\n","protected":false},"excerpt":{"rendered":"<p>Os ataques ao transporte coletivo da Capital durante o fim de semana deixaram a popula\u00e7\u00e3o com medo. Nesta segunda-feira, dia 26 de mar\u00e7o, as pessoas precisam retornar ao trabalho. A Prefeitura de Fortaleza, o Sindionibus e a Pol\u00edcia Militar garantem que a frota vai circular normalmente. Neste domingo, dia 25, o prefeito Roberto Cl\u00e1udio coordenou uma reuni\u00e3o na Etufor com o vice-prefeito Moroni Torgan, o presidente do Sindionibus, Dimas Barreira, e o comandante de Policiamento Comunit\u00e1rio da PMCE, coronel&hellip;<\/p>\n","protected":false},"author":1,"featured_media":0,"comment_status":"open","ping_status":"open","sticky":false,"template":"","format":"standard","meta":{"footnotes":""},"categories":[1],"tags":[],"class_list":["post-8592","post","type-post","status-publish","format-standard","hentry","category-noticias"],"_links":{"self":[{"href":"https:\/\/blogdorogeriogomes.com.br\/noticias\/wp-json\/wp\/v2\/posts\/8592","targetHints":{"allow":["GET"]}}],"collection":[{"href":"https:\/\/blogdorogeriogomes.com.br\/noticias\/wp-json\/wp\/v2\/posts"}],"about":[{"href":"https:\/\/blogdorogeriogomes.com.br\/noticias\/wp-json\/wp\/v2\/types\/post"}],"author":[{"embeddable":true,"href":"https:\/\/blogdorogeriogomes.com.br\/noticias\/wp-json\/wp\/v2\/users\/1"}],"replies":[{"embeddable":true,"href":"https:\/\/blogdorogeriogomes.com.br\/noticias\/wp-json\/wp\/v2\/comments?post=8592"}],"version-history":[{"count":1,"href":"https:\/\/blogdorogeriogomes.com.br\/noticias\/wp-json\/wp\/v2\/posts\/8592\/revisions"}],"predecessor-version":[{"id":8595,"href":"https:\/\/blogdorogeriogomes.com.br\/noticias\/wp-json\/wp\/v2\/posts\/8592\/revisions\/8595"}],"wp:attachment":[{"href":"https:\/\/blogdorogeriogomes.com.br\/noticias\/wp-json\/wp\/v2\/media?parent=8592"}],"wp:term":[{"taxonomy":"category","embeddable":true,"href":"https:\/\/blogdorogeriogomes.com.br\/noticias\/wp-json\/wp\/v2\/categories?post=8592"},{"taxonomy":"post_tag","embeddable":true,"href":"https:\/\/blogdorogeriogomes.com.br\/noticias\/wp-json\/wp\/v2\/tags?post=8592"}],"curies":[{"name":"wp","href":"https:\/\/api.w.org\/{rel}","templated":true}]}}