{"id":8603,"date":"2018-03-26T17:32:09","date_gmt":"2018-03-26T17:32:09","guid":{"rendered":"http:\/\/blogdorogeriogomes.com.br\/?p=8603"},"modified":"2018-03-26T17:32:09","modified_gmt":"2018-03-26T17:32:09","slug":"programa-nascer-no-ceara-promete-reforcar-assistencia-a-gravidez-de-alto-risco","status":"publish","type":"post","link":"https:\/\/blogdorogeriogomes.com.br\/noticias\/2018\/03\/programa-nascer-no-ceara-promete-reforcar-assistencia-a-gravidez-de-alto-risco\/","title":{"rendered":"Programa Nascer no Cear\u00e1 promete refor\u00e7ar assist\u00eancia \u00e0 gravidez de alto risco"},"content":{"rendered":"<p><img loading=\"lazy\" decoding=\"async\" class=\"alignnone size-medium wp-image-8609\" src=\"http:\/\/blogdorogeriogomes.com.br\/wp-content\/uploads\/2018\/03\/images-10-300x150.jpeg\" alt=\"images (10)\" width=\"300\" height=\"150\" srcset=\"https:\/\/blogdorogeriogomes.com.br\/noticias\/wp-content\/uploads\/2018\/03\/images-10-300x150.jpeg 300w, https:\/\/blogdorogeriogomes.com.br\/noticias\/wp-content\/uploads\/2018\/03\/images-10.jpeg 543w\" sizes=\"auto, (max-width: 300px) 100vw, 300px\" \/><\/p>\n<p><span style=\"font-weight: 400;\">O Governo do Estado lan\u00e7ou, nesta segunda-feira, dia 26 de mar\u00e7o, o Programa Nascer no Cear\u00e1, que promove a reestrutura\u00e7\u00e3o da linha de cuidado materno infantil a partir da aten\u00e7\u00e3o \u00e0 gesta\u00e7\u00e3o de alto risco.<\/span><span style=\"font-weight: 400;\"><br \/>\n<\/span><span style=\"font-weight: 400;\">O programa promete garantir assist\u00eancia qualificada nos 184 munic\u00edpios do Estado. O objetivo \u00e9 diminuir a morte de m\u00e3es e rec\u00e9m nascidos no interior cearense. Noventa por cento das mortes de rec\u00e9m nascidos no Cear\u00e1 est\u00e3o relacionadas a casos de gravidez de alto risco. As a\u00e7\u00f5es do Nascer no Cear\u00e1 envolvem a qualifica\u00e7\u00e3o de profissionais de sa\u00fade e melhoria no atendimento nas cinco macrorregi\u00f5es de sa\u00fade. A a\u00e7\u00e3o integra o Programa Mais Inf\u00e2ncia, idealizado pela primeira-dama do Estado, On\u00e9lia Leite, em agosto de 2015.<\/span><span style=\"font-weight: 400;\"><br \/>\n<\/span><span style=\"font-weight: 400;\">O Programa Nascer no Cear\u00e1 pretende fortalecer assist\u00eancia qualificada durante o per\u00edodo pr\u00e9 natal para gestantes de alto risco, parto seguro e humanizado, apoio ao rec\u00e9m nascido e oferta de planejamento reprodutivo para mulheres com gesta\u00e7\u00e3o de alto risco no Estado. &#8220;As prefeituras poder\u00e3o se habilitar para participar do programa&#8221;, afirmou Henrique Javi, secret\u00e1rio de Sa\u00fade do Estado.<\/span><span style=\"font-weight: 400;\"><br \/>\n<\/span><span style=\"font-weight: 400;\">O lan\u00e7amento do Programa Nascer no Cear\u00e1 tinha participa\u00e7\u00e3o prevista do governador Camilo Santana, mas ap\u00f3s os ataques criminosos registrados no fim de semana na Capital e interior, o chefe do Executivo estadual passou toda a manh\u00e3 reunido com a c\u00fapula da seguran\u00e7a p\u00fablica.<\/span><span style=\"font-weight: 400;\"><br \/>\n<\/span><span style=\"font-weight: 400;\">&#8220;As for\u00e7as policiais do Estado est\u00e3o empenhadas para dar resposta aos ataques criminosos&#8221;, disse Izolda Cela, vice-governadora do Cear\u00e1.<\/span><\/p>\n","protected":false},"excerpt":{"rendered":"<p>O Governo do Estado lan\u00e7ou, nesta segunda-feira, dia 26 de mar\u00e7o, o Programa Nascer no Cear\u00e1, que promove a reestrutura\u00e7\u00e3o da linha de cuidado materno infantil a partir da aten\u00e7\u00e3o \u00e0 gesta\u00e7\u00e3o de alto risco. O programa promete garantir assist\u00eancia qualificada nos 184 munic\u00edpios do Estado. O objetivo \u00e9 diminuir a morte de m\u00e3es e rec\u00e9m nascidos no interior cearense. Noventa por cento das mortes de rec\u00e9m nascidos no Cear\u00e1 est\u00e3o relacionadas a casos de gravidez de alto risco.&hellip;<\/p>\n","protected":false},"author":1,"featured_media":0,"comment_status":"open","ping_status":"open","sticky":false,"template":"","format":"standard","meta":{"footnotes":""},"categories":[1],"tags":[],"class_list":["post-8603","post","type-post","status-publish","format-standard","hentry","category-noticias"],"_links":{"self":[{"href":"https:\/\/blogdorogeriogomes.com.br\/noticias\/wp-json\/wp\/v2\/posts\/8603","targetHints":{"allow":["GET"]}}],"collection":[{"href":"https:\/\/blogdorogeriogomes.com.br\/noticias\/wp-json\/wp\/v2\/posts"}],"about":[{"href":"https:\/\/blogdorogeriogomes.com.br\/noticias\/wp-json\/wp\/v2\/types\/post"}],"author":[{"embeddable":true,"href":"https:\/\/blogdorogeriogomes.com.br\/noticias\/wp-json\/wp\/v2\/users\/1"}],"replies":[{"embeddable":true,"href":"https:\/\/blogdorogeriogomes.com.br\/noticias\/wp-json\/wp\/v2\/comments?post=8603"}],"version-history":[{"count":1,"href":"https:\/\/blogdorogeriogomes.com.br\/noticias\/wp-json\/wp\/v2\/posts\/8603\/revisions"}],"predecessor-version":[{"id":8610,"href":"https:\/\/blogdorogeriogomes.com.br\/noticias\/wp-json\/wp\/v2\/posts\/8603\/revisions\/8610"}],"wp:attachment":[{"href":"https:\/\/blogdorogeriogomes.com.br\/noticias\/wp-json\/wp\/v2\/media?parent=8603"}],"wp:term":[{"taxonomy":"category","embeddable":true,"href":"https:\/\/blogdorogeriogomes.com.br\/noticias\/wp-json\/wp\/v2\/categories?post=8603"},{"taxonomy":"post_tag","embeddable":true,"href":"https:\/\/blogdorogeriogomes.com.br\/noticias\/wp-json\/wp\/v2\/tags?post=8603"}],"curies":[{"name":"wp","href":"https:\/\/api.w.org\/{rel}","templated":true}]}}