{"id":8611,"date":"2018-03-26T17:58:57","date_gmt":"2018-03-26T17:58:57","guid":{"rendered":"http:\/\/blogdorogeriogomes.com.br\/?p=8611"},"modified":"2018-03-26T17:58:57","modified_gmt":"2018-03-26T17:58:57","slug":"negacao-de-ultimo-recurso-do-trf-4-deixa-lula-inelegivel-candidatura-depende-de-liminar","status":"publish","type":"post","link":"https:\/\/blogdorogeriogomes.com.br\/noticias\/2018\/03\/negacao-de-ultimo-recurso-do-trf-4-deixa-lula-inelegivel-candidatura-depende-de-liminar\/","title":{"rendered":"Nega\u00e7\u00e3o de \u00faltimo recurso do TRF-4 deixa Lula ineleg\u00edvel. Candidatura depende de liminar"},"content":{"rendered":"<p><img loading=\"lazy\" decoding=\"async\" class=\"alignnone size-medium wp-image-8612\" src=\"http:\/\/blogdorogeriogomes.com.br\/wp-content\/uploads\/2018\/03\/images-11-300x196.jpeg\" alt=\"images (11)\" width=\"300\" height=\"196\" srcset=\"https:\/\/blogdorogeriogomes.com.br\/noticias\/wp-content\/uploads\/2018\/03\/images-11-300x196.jpeg 300w, https:\/\/blogdorogeriogomes.com.br\/noticias\/wp-content\/uploads\/2018\/03\/images-11.jpeg 475w\" sizes=\"auto, (max-width: 300px) 100vw, 300px\" \/><\/p>\n<p><span style=\"font-weight: 400;\">Como j\u00e1 era esperado, o TRF-4 (Tribunal Regional Federal da 4\u00aa Regi\u00e3o) negou, o \u00faltimo recurso da defesa do ex-presidente Lula da Silva na segunda inst\u00e2ncia contra a condena\u00e7\u00e3o no processo do tr\u00edplex. Lula n\u00e3o pode ser preso por decis\u00e3o liminar do Supremo Tribunal Federal at\u00e9 o julgamento do habeas corpus preventivo, dia 4 de abril.<\/span><\/p>\n<p><span style=\"font-weight: 400;\">Mas o problema de Lula agora \u00e9 outro. Com a confirma\u00e7\u00e3o da condena\u00e7\u00e3o imposta em segunda inst\u00e2ncia, Lula est\u00e1 oficialmente ineleg\u00edvel, de acordo com o que diz a Lei da Ficha Limpa.<\/span><\/p>\n<p><span style=\"font-weight: 400;\">Se conseguir se manter em liberdade at\u00e9 que todos os recursos sejam julgados em outras inst\u00e2ncias, o ex-presidente ter\u00e1 de conseguir uma liminar no Tribunal Superior Eleitoral para conseguir concorrer no pleito deste ano. Advogados de Lula pretendem recorrer at\u00e9 o STF para que ele esteja na corrida presidencial.<\/span><\/p>\n<p><span style=\"font-weight: 400;\">O PT sustenta que vai confirmar o registro da candidatura de Lula no TSE no pr\u00f3ximo m\u00eas de agosto.<\/span><\/p>\n","protected":false},"excerpt":{"rendered":"<p>Como j\u00e1 era esperado, o TRF-4 (Tribunal Regional Federal da 4\u00aa Regi\u00e3o) negou, o \u00faltimo recurso da defesa do ex-presidente Lula da Silva na segunda inst\u00e2ncia contra a condena\u00e7\u00e3o no processo do tr\u00edplex. Lula n\u00e3o pode ser preso por decis\u00e3o liminar do Supremo Tribunal Federal at\u00e9 o julgamento do habeas corpus preventivo, dia 4 de abril. Mas o problema de Lula agora \u00e9 outro. Com a confirma\u00e7\u00e3o da condena\u00e7\u00e3o imposta em segunda inst\u00e2ncia, Lula est\u00e1 oficialmente ineleg\u00edvel, de acordo&hellip;<\/p>\n","protected":false},"author":1,"featured_media":0,"comment_status":"open","ping_status":"open","sticky":false,"template":"","format":"standard","meta":{"footnotes":""},"categories":[1],"tags":[],"class_list":["post-8611","post","type-post","status-publish","format-standard","hentry","category-noticias"],"_links":{"self":[{"href":"https:\/\/blogdorogeriogomes.com.br\/noticias\/wp-json\/wp\/v2\/posts\/8611","targetHints":{"allow":["GET"]}}],"collection":[{"href":"https:\/\/blogdorogeriogomes.com.br\/noticias\/wp-json\/wp\/v2\/posts"}],"about":[{"href":"https:\/\/blogdorogeriogomes.com.br\/noticias\/wp-json\/wp\/v2\/types\/post"}],"author":[{"embeddable":true,"href":"https:\/\/blogdorogeriogomes.com.br\/noticias\/wp-json\/wp\/v2\/users\/1"}],"replies":[{"embeddable":true,"href":"https:\/\/blogdorogeriogomes.com.br\/noticias\/wp-json\/wp\/v2\/comments?post=8611"}],"version-history":[{"count":1,"href":"https:\/\/blogdorogeriogomes.com.br\/noticias\/wp-json\/wp\/v2\/posts\/8611\/revisions"}],"predecessor-version":[{"id":8613,"href":"https:\/\/blogdorogeriogomes.com.br\/noticias\/wp-json\/wp\/v2\/posts\/8611\/revisions\/8613"}],"wp:attachment":[{"href":"https:\/\/blogdorogeriogomes.com.br\/noticias\/wp-json\/wp\/v2\/media?parent=8611"}],"wp:term":[{"taxonomy":"category","embeddable":true,"href":"https:\/\/blogdorogeriogomes.com.br\/noticias\/wp-json\/wp\/v2\/categories?post=8611"},{"taxonomy":"post_tag","embeddable":true,"href":"https:\/\/blogdorogeriogomes.com.br\/noticias\/wp-json\/wp\/v2\/tags?post=8611"}],"curies":[{"name":"wp","href":"https:\/\/api.w.org\/{rel}","templated":true}]}}