{"id":8614,"date":"2018-03-26T21:09:42","date_gmt":"2018-03-26T21:09:42","guid":{"rendered":"http:\/\/blogdorogeriogomes.com.br\/?p=8614"},"modified":"2018-03-26T21:09:42","modified_gmt":"2018-03-26T21:09:42","slug":"prefeitura-de-fortaleza-reforca-seguranca-camilo-visita-quarteis-e-delegacias-e-pede-apoio-da-tropa","status":"publish","type":"post","link":"https:\/\/blogdorogeriogomes.com.br\/noticias\/2018\/03\/prefeitura-de-fortaleza-reforca-seguranca-camilo-visita-quarteis-e-delegacias-e-pede-apoio-da-tropa\/","title":{"rendered":"Prefeitura de Fortaleza refor\u00e7a seguran\u00e7a. Camilo visita quart\u00e9is e delegacias e pede apoio da tropa"},"content":{"rendered":"<p><img loading=\"lazy\" decoding=\"async\" class=\"alignnone size-medium wp-image-8615\" src=\"http:\/\/blogdorogeriogomes.com.br\/wp-content\/uploads\/2018\/03\/IMG_20180326_180414_069-300x217.jpg\" alt=\"IMG_20180326_180414_069\" width=\"300\" height=\"217\" srcset=\"https:\/\/blogdorogeriogomes.com.br\/noticias\/wp-content\/uploads\/2018\/03\/IMG_20180326_180414_069-300x217.jpg 300w, https:\/\/blogdorogeriogomes.com.br\/noticias\/wp-content\/uploads\/2018\/03\/IMG_20180326_180414_069-768x555.jpg 768w, https:\/\/blogdorogeriogomes.com.br\/noticias\/wp-content\/uploads\/2018\/03\/IMG_20180326_180414_069.jpg 943w\" sizes=\"auto, (max-width: 300px) 100vw, 300px\" \/><\/p>\n<p><span style=\"font-weight: 400;\">Desde o \u00faltimo fim de semana quando aconteceram os ataques e atentados criminosos na Capital, o governador Camilo Santana e o prefeito Roberto Cl\u00e1udio mant\u00eam reuni\u00f5es constantes e buscam rea\u00e7\u00e3o ao problema.<\/span><\/p>\n<p><span style=\"font-weight: 400;\">Al\u00e9m de refor\u00e7ar a seguran\u00e7a nos terminais e no acompanhamento do transporte coletivo, o Munic\u00edpio tratou tamb\u00e9m de controlar o acesso \u00e0 sede da Prefeitura de Fortaleza no Centro. O n\u00famero de guardas municipais no local foi aumentado. Na rua S\u00e3o Jos\u00e9, em frente ao Pa\u00e7o, o acesso est\u00e1 interrompido por grades e gelo baiano. <\/span><\/p>\n<p><span style=\"font-weight: 400;\">J\u00e1 o governador Camilo Santana visitou quart\u00e9is da PM e Bombeiros, Pefoce e a delegacia do Pirambu. A ideia \u00e9 motivar os profissionais envolvidos no combate \u00e0s a\u00e7\u00f5es criminosas que, segundo uma linha de investiga\u00e7\u00e3o, teriam partido da liga\u00e7\u00e3o de celular feita por um detento que est\u00e1 recolhido em um pouco da Regi\u00e3o Metropolitana de Fortaleza.<\/span><\/p>\n<p><span style=\"font-weight: 400;\">\u201cVamos nos manter firme e fortes no combate \u00e0 criminalidade. Tenho plena confian\u00e7a na atua\u00e7\u00e3o de todos voc\u00eas\u201d, disse Camilo Santana aos PMs lotados na 3a Cia do 5o BPM. <\/span><\/p>\n","protected":false},"excerpt":{"rendered":"<p>Desde o \u00faltimo fim de semana quando aconteceram os ataques e atentados criminosos na Capital, o governador Camilo Santana e o prefeito Roberto Cl\u00e1udio mant\u00eam reuni\u00f5es constantes e buscam rea\u00e7\u00e3o ao problema. Al\u00e9m de refor\u00e7ar a seguran\u00e7a nos terminais e no acompanhamento do transporte coletivo, o Munic\u00edpio tratou tamb\u00e9m de controlar o acesso \u00e0 sede da Prefeitura de Fortaleza no Centro. O n\u00famero de guardas municipais no local foi aumentado. Na rua S\u00e3o Jos\u00e9, em frente ao Pa\u00e7o, o&hellip;<\/p>\n","protected":false},"author":1,"featured_media":0,"comment_status":"open","ping_status":"open","sticky":false,"template":"","format":"standard","meta":{"footnotes":""},"categories":[1],"tags":[],"class_list":["post-8614","post","type-post","status-publish","format-standard","hentry","category-noticias"],"_links":{"self":[{"href":"https:\/\/blogdorogeriogomes.com.br\/noticias\/wp-json\/wp\/v2\/posts\/8614","targetHints":{"allow":["GET"]}}],"collection":[{"href":"https:\/\/blogdorogeriogomes.com.br\/noticias\/wp-json\/wp\/v2\/posts"}],"about":[{"href":"https:\/\/blogdorogeriogomes.com.br\/noticias\/wp-json\/wp\/v2\/types\/post"}],"author":[{"embeddable":true,"href":"https:\/\/blogdorogeriogomes.com.br\/noticias\/wp-json\/wp\/v2\/users\/1"}],"replies":[{"embeddable":true,"href":"https:\/\/blogdorogeriogomes.com.br\/noticias\/wp-json\/wp\/v2\/comments?post=8614"}],"version-history":[{"count":1,"href":"https:\/\/blogdorogeriogomes.com.br\/noticias\/wp-json\/wp\/v2\/posts\/8614\/revisions"}],"predecessor-version":[{"id":8616,"href":"https:\/\/blogdorogeriogomes.com.br\/noticias\/wp-json\/wp\/v2\/posts\/8614\/revisions\/8616"}],"wp:attachment":[{"href":"https:\/\/blogdorogeriogomes.com.br\/noticias\/wp-json\/wp\/v2\/media?parent=8614"}],"wp:term":[{"taxonomy":"category","embeddable":true,"href":"https:\/\/blogdorogeriogomes.com.br\/noticias\/wp-json\/wp\/v2\/categories?post=8614"},{"taxonomy":"post_tag","embeddable":true,"href":"https:\/\/blogdorogeriogomes.com.br\/noticias\/wp-json\/wp\/v2\/tags?post=8614"}],"curies":[{"name":"wp","href":"https:\/\/api.w.org\/{rel}","templated":true}]}}