{"id":8619,"date":"2018-03-27T09:11:15","date_gmt":"2018-03-27T09:11:15","guid":{"rendered":"http:\/\/blogdorogeriogomes.com.br\/?p=8619"},"modified":"2018-03-27T09:11:15","modified_gmt":"2018-03-27T09:11:15","slug":"chuvas-devem-voltar-a-se-intensificar-em-abril-diz-funceme","status":"publish","type":"post","link":"https:\/\/blogdorogeriogomes.com.br\/noticias\/2018\/03\/chuvas-devem-voltar-a-se-intensificar-em-abril-diz-funceme\/","title":{"rendered":"Chuvas devem voltar a se intensificar em abril, diz Funceme"},"content":{"rendered":"<p><img loading=\"lazy\" decoding=\"async\" class=\"alignnone size-medium wp-image-8620\" src=\"http:\/\/blogdorogeriogomes.com.br\/wp-content\/uploads\/2018\/03\/images-12-300x210.jpeg\" alt=\"images (12)\" width=\"300\" height=\"210\" srcset=\"https:\/\/blogdorogeriogomes.com.br\/noticias\/wp-content\/uploads\/2018\/03\/images-12-300x210.jpeg 300w, https:\/\/blogdorogeriogomes.com.br\/noticias\/wp-content\/uploads\/2018\/03\/images-12.jpeg 400w\" sizes=\"auto, (max-width: 300px) 100vw, 300px\" \/><\/p>\n<p><span style=\"font-weight: 400;\">O m\u00eas de mar\u00e7o est\u00e1 na reta final e as precipita\u00e7\u00f5es no Cear\u00e1 foram abaixo do esperado, segundo a Funceme. A m\u00e9dia hist\u00f3rica para este per\u00edodo \u00e9 de 203,4 mil\u00edmetros e o desvio negativo chega a 67%.<\/span><\/p>\n<p><span style=\"font-weight: 400;\">As chuvas abaixo da m\u00e9dia s\u00e3o reflexo do afastamento da Zona de Converg\u00eancia Intertropical. Mas j\u00e1 esta semana, as precipita\u00e7\u00f5es no interior come\u00e7aram a mostrar uma rea\u00e7\u00e3o, o que deve permanecer no pr\u00f3ximo m\u00eas, que ainda faz parte da quadra chuvosa no Estado.<\/span><\/p>\n<p><span style=\"font-weight: 400;\">De acordo com o supervisor da Unidade de Tempo e Clima da Funceme, Raul Fritz, a m\u00e9dia de chuvas para abril \u00e9 de 188 mil\u00edmetros, mas pode ser que as precipita\u00e7\u00f5es possam ultrapassar a marca. A previs\u00e3o para a primeira semana do pr\u00f3ximo m\u00eas \u00e9 de chuvas espalhadas por todas as regi\u00f5es do Cear\u00e1. <\/span><\/p>\n<p><span style=\"font-weight: 400;\">Cerca de 28 a\u00e7udes do interior j\u00e1 come\u00e7aram a receber recarga com as precipita\u00e7\u00f5es registradas esta semana.<\/span><\/p>\n","protected":false},"excerpt":{"rendered":"<p>O m\u00eas de mar\u00e7o est\u00e1 na reta final e as precipita\u00e7\u00f5es no Cear\u00e1 foram abaixo do esperado, segundo a Funceme. A m\u00e9dia hist\u00f3rica para este per\u00edodo \u00e9 de 203,4 mil\u00edmetros e o desvio negativo chega a 67%. As chuvas abaixo da m\u00e9dia s\u00e3o reflexo do afastamento da Zona de Converg\u00eancia Intertropical. Mas j\u00e1 esta semana, as precipita\u00e7\u00f5es no interior come\u00e7aram a mostrar uma rea\u00e7\u00e3o, o que deve permanecer no pr\u00f3ximo m\u00eas, que ainda faz parte da quadra chuvosa no&hellip;<\/p>\n","protected":false},"author":1,"featured_media":0,"comment_status":"open","ping_status":"open","sticky":false,"template":"","format":"standard","meta":{"footnotes":""},"categories":[1],"tags":[],"class_list":["post-8619","post","type-post","status-publish","format-standard","hentry","category-noticias"],"_links":{"self":[{"href":"https:\/\/blogdorogeriogomes.com.br\/noticias\/wp-json\/wp\/v2\/posts\/8619","targetHints":{"allow":["GET"]}}],"collection":[{"href":"https:\/\/blogdorogeriogomes.com.br\/noticias\/wp-json\/wp\/v2\/posts"}],"about":[{"href":"https:\/\/blogdorogeriogomes.com.br\/noticias\/wp-json\/wp\/v2\/types\/post"}],"author":[{"embeddable":true,"href":"https:\/\/blogdorogeriogomes.com.br\/noticias\/wp-json\/wp\/v2\/users\/1"}],"replies":[{"embeddable":true,"href":"https:\/\/blogdorogeriogomes.com.br\/noticias\/wp-json\/wp\/v2\/comments?post=8619"}],"version-history":[{"count":1,"href":"https:\/\/blogdorogeriogomes.com.br\/noticias\/wp-json\/wp\/v2\/posts\/8619\/revisions"}],"predecessor-version":[{"id":8621,"href":"https:\/\/blogdorogeriogomes.com.br\/noticias\/wp-json\/wp\/v2\/posts\/8619\/revisions\/8621"}],"wp:attachment":[{"href":"https:\/\/blogdorogeriogomes.com.br\/noticias\/wp-json\/wp\/v2\/media?parent=8619"}],"wp:term":[{"taxonomy":"category","embeddable":true,"href":"https:\/\/blogdorogeriogomes.com.br\/noticias\/wp-json\/wp\/v2\/categories?post=8619"},{"taxonomy":"post_tag","embeddable":true,"href":"https:\/\/blogdorogeriogomes.com.br\/noticias\/wp-json\/wp\/v2\/tags?post=8619"}],"curies":[{"name":"wp","href":"https:\/\/api.w.org\/{rel}","templated":true}]}}