{"id":8622,"date":"2018-03-27T09:15:48","date_gmt":"2018-03-27T09:15:48","guid":{"rendered":"http:\/\/blogdorogeriogomes.com.br\/?p=8622"},"modified":"2018-03-27T09:15:48","modified_gmt":"2018-03-27T09:15:48","slug":"sancao-de-temer-autoriza-municipios-a-regularizarem-apps-do-transporte","status":"publish","type":"post","link":"https:\/\/blogdorogeriogomes.com.br\/noticias\/2018\/03\/sancao-de-temer-autoriza-municipios-a-regularizarem-apps-do-transporte\/","title":{"rendered":"San\u00e7\u00e3o de Temer autoriza munic\u00edpios a regularizarem Apps do transporte"},"content":{"rendered":"<p><span style=\"font-weight: 400;\"><img loading=\"lazy\" decoding=\"async\" class=\"alignnone size-medium wp-image-8623\" src=\"http:\/\/blogdorogeriogomes.com.br\/wp-content\/uploads\/2018\/03\/images-13-1-300x200.jpeg\" alt=\"images (13)\" width=\"300\" height=\"200\" srcset=\"https:\/\/blogdorogeriogomes.com.br\/noticias\/wp-content\/uploads\/2018\/03\/images-13-1-300x200.jpeg 300w, https:\/\/blogdorogeriogomes.com.br\/noticias\/wp-content\/uploads\/2018\/03\/images-13-1.jpeg 470w\" sizes=\"auto, (max-width: 300px) 100vw, 300px\" \/><\/span><span style=\"font-weight: 400;\">O presidente Michel Temer sancionou nesta segunda-feira, dia 26 de mar\u00e7o, a proposta que confere aos munic\u00edpios do pa\u00eds o poder em regulamentar os servi\u00e7os de transporte como Uber, Cabify e 99. <\/span><span style=\"font-weight: 400;\"><br \/>\n<\/span><span style=\"font-weight: 400;\">A nova lei, considerada favor\u00e1vel aos aplicativos e que foi sancionada sem vetos, ser\u00e1 publicada na edi\u00e7\u00e3o desta ter\u00e7a-feira, dia 27, do Di\u00e1rio Oficial da Uni\u00e3o. Na pr\u00e1tica, a proposta n\u00e3o muda o que j\u00e1 \u00e9 feito: uma regulamenta\u00e7\u00e3o a crit\u00e9rio do munic\u00edpio.<\/span><\/p>\n<p><span style=\"font-weight: 400;\">Em Fortaleza, o prefeito Roberto Cl\u00e1udio vai enviar \u00e0 C\u00e2mara Municipal um projeto para regulamentar o funcionamento dos aplicativos de transporte na Capital.<\/span><\/p>\n","protected":false},"excerpt":{"rendered":"<p>O presidente Michel Temer sancionou nesta segunda-feira, dia 26 de mar\u00e7o, a proposta que confere aos munic\u00edpios do pa\u00eds o poder em regulamentar os servi\u00e7os de transporte como Uber, Cabify e 99. A nova lei, considerada favor\u00e1vel aos aplicativos e que foi sancionada sem vetos, ser\u00e1 publicada na edi\u00e7\u00e3o desta ter\u00e7a-feira, dia 27, do Di\u00e1rio Oficial da Uni\u00e3o. Na pr\u00e1tica, a proposta n\u00e3o muda o que j\u00e1 \u00e9 feito: uma regulamenta\u00e7\u00e3o a crit\u00e9rio do munic\u00edpio. Em Fortaleza, o prefeito&hellip;<\/p>\n","protected":false},"author":1,"featured_media":0,"comment_status":"open","ping_status":"open","sticky":false,"template":"","format":"standard","meta":{"footnotes":""},"categories":[1],"tags":[],"class_list":["post-8622","post","type-post","status-publish","format-standard","hentry","category-noticias"],"_links":{"self":[{"href":"https:\/\/blogdorogeriogomes.com.br\/noticias\/wp-json\/wp\/v2\/posts\/8622","targetHints":{"allow":["GET"]}}],"collection":[{"href":"https:\/\/blogdorogeriogomes.com.br\/noticias\/wp-json\/wp\/v2\/posts"}],"about":[{"href":"https:\/\/blogdorogeriogomes.com.br\/noticias\/wp-json\/wp\/v2\/types\/post"}],"author":[{"embeddable":true,"href":"https:\/\/blogdorogeriogomes.com.br\/noticias\/wp-json\/wp\/v2\/users\/1"}],"replies":[{"embeddable":true,"href":"https:\/\/blogdorogeriogomes.com.br\/noticias\/wp-json\/wp\/v2\/comments?post=8622"}],"version-history":[{"count":1,"href":"https:\/\/blogdorogeriogomes.com.br\/noticias\/wp-json\/wp\/v2\/posts\/8622\/revisions"}],"predecessor-version":[{"id":8624,"href":"https:\/\/blogdorogeriogomes.com.br\/noticias\/wp-json\/wp\/v2\/posts\/8622\/revisions\/8624"}],"wp:attachment":[{"href":"https:\/\/blogdorogeriogomes.com.br\/noticias\/wp-json\/wp\/v2\/media?parent=8622"}],"wp:term":[{"taxonomy":"category","embeddable":true,"href":"https:\/\/blogdorogeriogomes.com.br\/noticias\/wp-json\/wp\/v2\/categories?post=8622"},{"taxonomy":"post_tag","embeddable":true,"href":"https:\/\/blogdorogeriogomes.com.br\/noticias\/wp-json\/wp\/v2\/tags?post=8622"}],"curies":[{"name":"wp","href":"https:\/\/api.w.org\/{rel}","templated":true}]}}