{"id":8625,"date":"2018-03-27T20:58:39","date_gmt":"2018-03-27T20:58:39","guid":{"rendered":"http:\/\/blogdorogeriogomes.com.br\/?p=8625"},"modified":"2018-03-27T20:58:39","modified_gmt":"2018-03-27T20:58:39","slug":"policiamento-militar-e-reforcado-nas-ruas-com-pagamento-de-horas-extras","status":"publish","type":"post","link":"https:\/\/blogdorogeriogomes.com.br\/noticias\/2018\/03\/policiamento-militar-e-reforcado-nas-ruas-com-pagamento-de-horas-extras\/","title":{"rendered":"Policiamento militar \u00e9 refor\u00e7ado nas ruas com pagamento de horas extras"},"content":{"rendered":"<p><img loading=\"lazy\" decoding=\"async\" class=\"alignnone size-medium wp-image-8626\" src=\"http:\/\/blogdorogeriogomes.com.br\/wp-content\/uploads\/2018\/03\/images-14-300x200.jpeg\" alt=\"images (14)\" width=\"300\" height=\"200\" srcset=\"https:\/\/blogdorogeriogomes.com.br\/noticias\/wp-content\/uploads\/2018\/03\/images-14-300x200.jpeg 300w, https:\/\/blogdorogeriogomes.com.br\/noticias\/wp-content\/uploads\/2018\/03\/images-14.jpeg 470w\" sizes=\"auto, (max-width: 300px) 100vw, 300px\" \/><\/p>\n<p><span style=\"font-weight: 400;\">O efetivo de PMs nas ruas de Fortaleza foi refor\u00e7ado com o pagamento de horas extras aos policiais que est\u00e3o de folga. O objetivo da Secretaria de Seguran\u00e7a P\u00fablica \u00e9 garantir uma presen\u00e7a mais efetiva da Pol\u00edcia Militar nos corredores de \u00f4nibus e nos bairros. A medida de pagar extra aos PMs teve in\u00edcio desde o domingo, dia 25 de mar\u00e7o.<\/span><span style=\"font-weight: 400;\"><br \/>\n<\/span><span style=\"font-weight: 400;\">O governador Camilo Santana declarou que para cada a\u00e7\u00e3o dos grupos criminosos haver\u00e1 uma rea\u00e7\u00e3o. Nas \u00faltimas 72 horas, criminosos incendiaram pelo menos 11 transportes coletivos e alvejaram sedes de \u00f3rg\u00e3os p\u00fablicos em atentados com granadas. O prefeito Roberto Cl\u00e1udio confirmou refor\u00e7o de 520 homens da Guarda Municipal e 94 viaturas nas ruas para garantir a circula\u00e7\u00e3o normal do transporte p\u00fablico.<\/span><span style=\"font-weight: 400;\"><br \/>\n<\/span><span style=\"font-weight: 400;\">O Poder P\u00fablico avalia que as a\u00e7\u00f5es dos \u00faltimos dias seriam uma retalia\u00e7\u00e3o de fac\u00e7\u00f5es criminosas \u00e0 proposta que tramita em regime de urg\u00eancia na C\u00e2mara dos Deputados para instalar bloqueadores de celulares nos pres\u00eddios cearenses. <\/span><\/p>\n","protected":false},"excerpt":{"rendered":"<p>O efetivo de PMs nas ruas de Fortaleza foi refor\u00e7ado com o pagamento de horas extras aos policiais que est\u00e3o de folga. O objetivo da Secretaria de Seguran\u00e7a P\u00fablica \u00e9 garantir uma presen\u00e7a mais efetiva da Pol\u00edcia Militar nos corredores de \u00f4nibus e nos bairros. A medida de pagar extra aos PMs teve in\u00edcio desde o domingo, dia 25 de mar\u00e7o. O governador Camilo Santana declarou que para cada a\u00e7\u00e3o dos grupos criminosos haver\u00e1 uma rea\u00e7\u00e3o. Nas \u00faltimas 72&hellip;<\/p>\n","protected":false},"author":1,"featured_media":0,"comment_status":"open","ping_status":"open","sticky":false,"template":"","format":"standard","meta":{"footnotes":""},"categories":[1],"tags":[],"class_list":["post-8625","post","type-post","status-publish","format-standard","hentry","category-noticias"],"_links":{"self":[{"href":"https:\/\/blogdorogeriogomes.com.br\/noticias\/wp-json\/wp\/v2\/posts\/8625","targetHints":{"allow":["GET"]}}],"collection":[{"href":"https:\/\/blogdorogeriogomes.com.br\/noticias\/wp-json\/wp\/v2\/posts"}],"about":[{"href":"https:\/\/blogdorogeriogomes.com.br\/noticias\/wp-json\/wp\/v2\/types\/post"}],"author":[{"embeddable":true,"href":"https:\/\/blogdorogeriogomes.com.br\/noticias\/wp-json\/wp\/v2\/users\/1"}],"replies":[{"embeddable":true,"href":"https:\/\/blogdorogeriogomes.com.br\/noticias\/wp-json\/wp\/v2\/comments?post=8625"}],"version-history":[{"count":1,"href":"https:\/\/blogdorogeriogomes.com.br\/noticias\/wp-json\/wp\/v2\/posts\/8625\/revisions"}],"predecessor-version":[{"id":8627,"href":"https:\/\/blogdorogeriogomes.com.br\/noticias\/wp-json\/wp\/v2\/posts\/8625\/revisions\/8627"}],"wp:attachment":[{"href":"https:\/\/blogdorogeriogomes.com.br\/noticias\/wp-json\/wp\/v2\/media?parent=8625"}],"wp:term":[{"taxonomy":"category","embeddable":true,"href":"https:\/\/blogdorogeriogomes.com.br\/noticias\/wp-json\/wp\/v2\/categories?post=8625"},{"taxonomy":"post_tag","embeddable":true,"href":"https:\/\/blogdorogeriogomes.com.br\/noticias\/wp-json\/wp\/v2\/tags?post=8625"}],"curies":[{"name":"wp","href":"https:\/\/api.w.org\/{rel}","templated":true}]}}