{"id":8628,"date":"2018-03-27T21:21:51","date_gmt":"2018-03-27T21:21:51","guid":{"rendered":"http:\/\/blogdorogeriogomes.com.br\/?p=8628"},"modified":"2018-03-27T21:21:51","modified_gmt":"2018-03-27T21:21:51","slug":"oposicao-transfere-para-abril-definicao-da-chapa-para-o-governo-estadual","status":"publish","type":"post","link":"https:\/\/blogdorogeriogomes.com.br\/noticias\/2018\/03\/oposicao-transfere-para-abril-definicao-da-chapa-para-o-governo-estadual\/","title":{"rendered":"Oposi\u00e7\u00e3o transfere para abril defini\u00e7\u00e3o da chapa para o Governo Estadual"},"content":{"rendered":"<p><img loading=\"lazy\" decoding=\"async\" class=\"alignnone size-medium wp-image-8629\" src=\"http:\/\/blogdorogeriogomes.com.br\/wp-content\/uploads\/2018\/03\/images-15-300x169.jpeg\" alt=\"images (15)\" width=\"300\" height=\"169\" srcset=\"https:\/\/blogdorogeriogomes.com.br\/noticias\/wp-content\/uploads\/2018\/03\/images-15-300x169.jpeg 300w, https:\/\/blogdorogeriogomes.com.br\/noticias\/wp-content\/uploads\/2018\/03\/images-15.jpeg 512w\" sizes=\"auto, (max-width: 300px) 100vw, 300px\" \/><\/p>\n<p><span style=\"font-weight: 400;\">O grupo de oposi\u00e7\u00e3o no Cear\u00e1 conseguiu se reunir no escrit\u00f3rio do senador Tasso Jereissati, em Fortaleza. Analisaram pesquisas internas, mas a defini\u00e7\u00e3o da chapa para as elei\u00e7\u00f5es de 2018 deve ficar para abril. A coordena\u00e7\u00e3o do grupo oposicionista ser\u00e1 formada por Tasso Jereissati, Capit\u00e3o Wagner e L\u00facio Alc\u00e2ntara. Um novo encontro do grupo pol\u00edtico deve ocorrer em abril, ap\u00f3s o per\u00edodo de filia\u00e7\u00f5es partid\u00e1rias para o pleito, que se encerra no pr\u00f3ximo dia 7 de abril.<\/span><\/p>\n<p><span style=\"font-weight: 400;\">Ainda h\u00e1 oposicionistas mudando de agremia\u00e7\u00e3o partid\u00e1ria. \u00c9 o caso do ex-governador L\u00facio Alc\u00e2ntara, do prefeito e o vice-prefeito de Maracana\u00fa, Firmo Camur\u00e7a e Roberto Pessoa, que buscam uma nova legenda ap\u00f3s deixarem o PR.<\/span><\/p>\n","protected":false},"excerpt":{"rendered":"<p>O grupo de oposi\u00e7\u00e3o no Cear\u00e1 conseguiu se reunir no escrit\u00f3rio do senador Tasso Jereissati, em Fortaleza. Analisaram pesquisas internas, mas a defini\u00e7\u00e3o da chapa para as elei\u00e7\u00f5es de 2018 deve ficar para abril. A coordena\u00e7\u00e3o do grupo oposicionista ser\u00e1 formada por Tasso Jereissati, Capit\u00e3o Wagner e L\u00facio Alc\u00e2ntara. Um novo encontro do grupo pol\u00edtico deve ocorrer em abril, ap\u00f3s o per\u00edodo de filia\u00e7\u00f5es partid\u00e1rias para o pleito, que se encerra no pr\u00f3ximo dia 7 de abril. Ainda h\u00e1&hellip;<\/p>\n","protected":false},"author":1,"featured_media":0,"comment_status":"open","ping_status":"open","sticky":false,"template":"","format":"standard","meta":{"footnotes":""},"categories":[1],"tags":[],"class_list":["post-8628","post","type-post","status-publish","format-standard","hentry","category-noticias"],"_links":{"self":[{"href":"https:\/\/blogdorogeriogomes.com.br\/noticias\/wp-json\/wp\/v2\/posts\/8628","targetHints":{"allow":["GET"]}}],"collection":[{"href":"https:\/\/blogdorogeriogomes.com.br\/noticias\/wp-json\/wp\/v2\/posts"}],"about":[{"href":"https:\/\/blogdorogeriogomes.com.br\/noticias\/wp-json\/wp\/v2\/types\/post"}],"author":[{"embeddable":true,"href":"https:\/\/blogdorogeriogomes.com.br\/noticias\/wp-json\/wp\/v2\/users\/1"}],"replies":[{"embeddable":true,"href":"https:\/\/blogdorogeriogomes.com.br\/noticias\/wp-json\/wp\/v2\/comments?post=8628"}],"version-history":[{"count":1,"href":"https:\/\/blogdorogeriogomes.com.br\/noticias\/wp-json\/wp\/v2\/posts\/8628\/revisions"}],"predecessor-version":[{"id":8630,"href":"https:\/\/blogdorogeriogomes.com.br\/noticias\/wp-json\/wp\/v2\/posts\/8628\/revisions\/8630"}],"wp:attachment":[{"href":"https:\/\/blogdorogeriogomes.com.br\/noticias\/wp-json\/wp\/v2\/media?parent=8628"}],"wp:term":[{"taxonomy":"category","embeddable":true,"href":"https:\/\/blogdorogeriogomes.com.br\/noticias\/wp-json\/wp\/v2\/categories?post=8628"},{"taxonomy":"post_tag","embeddable":true,"href":"https:\/\/blogdorogeriogomes.com.br\/noticias\/wp-json\/wp\/v2\/tags?post=8628"}],"curies":[{"name":"wp","href":"https:\/\/api.w.org\/{rel}","templated":true}]}}