{"id":8631,"date":"2018-03-28T08:51:08","date_gmt":"2018-03-28T08:51:08","guid":{"rendered":"http:\/\/blogdorogeriogomes.com.br\/?p=8631"},"modified":"2018-03-28T08:51:08","modified_gmt":"2018-03-28T08:51:08","slug":"mpf-quer-postos-de-combustiveis-funcionando-no-feriado-de-sexta-feira","status":"publish","type":"post","link":"https:\/\/blogdorogeriogomes.com.br\/noticias\/2018\/03\/mpf-quer-postos-de-combustiveis-funcionando-no-feriado-de-sexta-feira\/","title":{"rendered":"MPF quer postos de combust\u00edveis funcionando no feriado de sexta-feira"},"content":{"rendered":"<p><img loading=\"lazy\" decoding=\"async\" class=\"size-medium wp-image-8632\" src=\"http:\/\/blogdorogeriogomes.com.br\/wp-content\/uploads\/2018\/03\/unnamed-4-300x167.jpg\" alt=\"FORTALEZA, CE, BRASIL, 02-02-2015: Pre\u00e7o dos combustiveis nos postos. NA FOTO- Posto SHELL na Av. Rogaciano Leite. (Foto: Evil\u00e1zio Bezerra\/O POVO)\" width=\"300\" height=\"167\" srcset=\"https:\/\/blogdorogeriogomes.com.br\/noticias\/wp-content\/uploads\/2018\/03\/unnamed-4-300x167.jpg 300w, https:\/\/blogdorogeriogomes.com.br\/noticias\/wp-content\/uploads\/2018\/03\/unnamed-4.jpg 514w\" sizes=\"auto, (max-width: 300px) 100vw, 300px\" \/><\/p>\n<p><span style=\"font-weight: 400;\">Os postos de combust\u00edveis do Cear\u00e1 n\u00e3o funcionaram nos dois \u00faltimos feriados estaduais dos dias 19 e 25 de mar\u00e7o. O motivo \u00e9 um impasse entre o Sindipostos e o Sindicato dos Empregados em Postos de Servi\u00e7o de Combust\u00edveis e Derivados de Petr\u00f3leo do Cear\u00e1 (Sinpospetro) quanto ao fechamento da conven\u00e7\u00e3o coletiva de 2018. Para a Sexta-feira da Paix\u00e3o, dia 30 de mar\u00e7o, mais alguma vez est\u00e1 previsto o fechamento dos postos de combust\u00edveis no Estado. Mas, desta vez, o Minist\u00e9rio P\u00fablico Federal (MPF) resolveu entrar na hist\u00f3ria. O MPF deu prazo de 48 horas para que o Sindipostos envie informa\u00e7\u00f5es sobre as negocia\u00e7\u00f5es. No entendimento do procurador Oscar Costa Filho, os postos prestam um servi\u00e7o essencial \u00e0 popula\u00e7\u00e3o e n\u00e3o podem ter funcionamento interrompido.<\/span><\/p>\n","protected":false},"excerpt":{"rendered":"<p>Os postos de combust\u00edveis do Cear\u00e1 n\u00e3o funcionaram nos dois \u00faltimos feriados estaduais dos dias 19 e 25 de mar\u00e7o. O motivo \u00e9 um impasse entre o Sindipostos e o Sindicato dos Empregados em Postos de Servi\u00e7o de Combust\u00edveis e Derivados de Petr\u00f3leo do Cear\u00e1 (Sinpospetro) quanto ao fechamento da conven\u00e7\u00e3o coletiva de 2018. Para a Sexta-feira da Paix\u00e3o, dia 30 de mar\u00e7o, mais alguma vez est\u00e1 previsto o fechamento dos postos de combust\u00edveis no Estado. Mas, desta vez,&hellip;<\/p>\n","protected":false},"author":1,"featured_media":0,"comment_status":"open","ping_status":"open","sticky":false,"template":"","format":"standard","meta":{"footnotes":""},"categories":[1],"tags":[],"class_list":["post-8631","post","type-post","status-publish","format-standard","hentry","category-noticias"],"_links":{"self":[{"href":"https:\/\/blogdorogeriogomes.com.br\/noticias\/wp-json\/wp\/v2\/posts\/8631","targetHints":{"allow":["GET"]}}],"collection":[{"href":"https:\/\/blogdorogeriogomes.com.br\/noticias\/wp-json\/wp\/v2\/posts"}],"about":[{"href":"https:\/\/blogdorogeriogomes.com.br\/noticias\/wp-json\/wp\/v2\/types\/post"}],"author":[{"embeddable":true,"href":"https:\/\/blogdorogeriogomes.com.br\/noticias\/wp-json\/wp\/v2\/users\/1"}],"replies":[{"embeddable":true,"href":"https:\/\/blogdorogeriogomes.com.br\/noticias\/wp-json\/wp\/v2\/comments?post=8631"}],"version-history":[{"count":1,"href":"https:\/\/blogdorogeriogomes.com.br\/noticias\/wp-json\/wp\/v2\/posts\/8631\/revisions"}],"predecessor-version":[{"id":8633,"href":"https:\/\/blogdorogeriogomes.com.br\/noticias\/wp-json\/wp\/v2\/posts\/8631\/revisions\/8633"}],"wp:attachment":[{"href":"https:\/\/blogdorogeriogomes.com.br\/noticias\/wp-json\/wp\/v2\/media?parent=8631"}],"wp:term":[{"taxonomy":"category","embeddable":true,"href":"https:\/\/blogdorogeriogomes.com.br\/noticias\/wp-json\/wp\/v2\/categories?post=8631"},{"taxonomy":"post_tag","embeddable":true,"href":"https:\/\/blogdorogeriogomes.com.br\/noticias\/wp-json\/wp\/v2\/tags?post=8631"}],"curies":[{"name":"wp","href":"https:\/\/api.w.org\/{rel}","templated":true}]}}