{"id":8643,"date":"2018-03-29T09:20:45","date_gmt":"2018-03-29T09:20:45","guid":{"rendered":"http:\/\/blogdorogeriogomes.com.br\/?p=8643"},"modified":"2018-03-29T09:20:45","modified_gmt":"2018-03-29T09:20:45","slug":"vereadores-de-fortaleza-recebem-projeto-para-regulamentar-aplicativos-na-capital","status":"publish","type":"post","link":"https:\/\/blogdorogeriogomes.com.br\/noticias\/2018\/03\/vereadores-de-fortaleza-recebem-projeto-para-regulamentar-aplicativos-na-capital\/","title":{"rendered":"Vereadores de Fortaleza recebem projeto para regulamentar aplicativos na Capital"},"content":{"rendered":"<p><img loading=\"lazy\" decoding=\"async\" class=\"alignnone size-medium wp-image-8644\" src=\"http:\/\/blogdorogeriogomes.com.br\/wp-content\/uploads\/2018\/03\/images-18-300x176.jpeg\" alt=\"images (18)\" width=\"300\" height=\"176\" srcset=\"https:\/\/blogdorogeriogomes.com.br\/noticias\/wp-content\/uploads\/2018\/03\/images-18-300x176.jpeg 300w, https:\/\/blogdorogeriogomes.com.br\/noticias\/wp-content\/uploads\/2018\/03\/images-18.jpeg 500w\" sizes=\"auto, (max-width: 300px) 100vw, 300px\" \/><\/p>\n<p><span style=\"font-weight: 400;\">Chega nesta quinta-feira, dia 29 de mar\u00e7o, na C\u00e2mara Municipal de Fortaleza, o projeto de Lei sobre a regulamenta\u00e7\u00e3o dos aplicativos de transporte individual, como Uber e 99. A proposta enviada pelo prefeito Roberto Cl\u00e1udio prev\u00ea o pagamento de 2% de imposto do valor total de cada viagem realizada para os aplicativos que ser\u00e3o cadastrados na \u00e1rea de atua\u00e7\u00e3o do Munic\u00edpio cearense. O projeto ainda pode sofrer altera\u00e7\u00f5es, j\u00e1 que ser\u00e1 debatido pelos vereadores e receber\u00e1 emendas.<\/span><span style=\"font-weight: 400;\"><br \/>\n<\/span><span style=\"font-weight: 400;\">Est\u00e1 previsto no projeto do Executivo, o aumento da frota de t\u00e1xis e a moderniza\u00e7\u00e3o do servi\u00e7os a partir de uma emenda \u00e0 Lei Org\u00e2nica do Munic\u00edpio e um Projeto de Lei que tamb\u00e9m tramitar\u00e3o na C\u00e2mara.<\/span><\/p>\n","protected":false},"excerpt":{"rendered":"<p>Chega nesta quinta-feira, dia 29 de mar\u00e7o, na C\u00e2mara Municipal de Fortaleza, o projeto de Lei sobre a regulamenta\u00e7\u00e3o dos aplicativos de transporte individual, como Uber e 99. A proposta enviada pelo prefeito Roberto Cl\u00e1udio prev\u00ea o pagamento de 2% de imposto do valor total de cada viagem realizada para os aplicativos que ser\u00e3o cadastrados na \u00e1rea de atua\u00e7\u00e3o do Munic\u00edpio cearense. O projeto ainda pode sofrer altera\u00e7\u00f5es, j\u00e1 que ser\u00e1 debatido pelos vereadores e receber\u00e1 emendas. Est\u00e1 previsto&hellip;<\/p>\n","protected":false},"author":1,"featured_media":0,"comment_status":"open","ping_status":"open","sticky":false,"template":"","format":"standard","meta":{"footnotes":""},"categories":[1],"tags":[],"class_list":["post-8643","post","type-post","status-publish","format-standard","hentry","category-noticias"],"_links":{"self":[{"href":"https:\/\/blogdorogeriogomes.com.br\/noticias\/wp-json\/wp\/v2\/posts\/8643","targetHints":{"allow":["GET"]}}],"collection":[{"href":"https:\/\/blogdorogeriogomes.com.br\/noticias\/wp-json\/wp\/v2\/posts"}],"about":[{"href":"https:\/\/blogdorogeriogomes.com.br\/noticias\/wp-json\/wp\/v2\/types\/post"}],"author":[{"embeddable":true,"href":"https:\/\/blogdorogeriogomes.com.br\/noticias\/wp-json\/wp\/v2\/users\/1"}],"replies":[{"embeddable":true,"href":"https:\/\/blogdorogeriogomes.com.br\/noticias\/wp-json\/wp\/v2\/comments?post=8643"}],"version-history":[{"count":1,"href":"https:\/\/blogdorogeriogomes.com.br\/noticias\/wp-json\/wp\/v2\/posts\/8643\/revisions"}],"predecessor-version":[{"id":8645,"href":"https:\/\/blogdorogeriogomes.com.br\/noticias\/wp-json\/wp\/v2\/posts\/8643\/revisions\/8645"}],"wp:attachment":[{"href":"https:\/\/blogdorogeriogomes.com.br\/noticias\/wp-json\/wp\/v2\/media?parent=8643"}],"wp:term":[{"taxonomy":"category","embeddable":true,"href":"https:\/\/blogdorogeriogomes.com.br\/noticias\/wp-json\/wp\/v2\/categories?post=8643"},{"taxonomy":"post_tag","embeddable":true,"href":"https:\/\/blogdorogeriogomes.com.br\/noticias\/wp-json\/wp\/v2\/tags?post=8643"}],"curies":[{"name":"wp","href":"https:\/\/api.w.org\/{rel}","templated":true}]}}