{"id":8651,"date":"2018-03-29T11:58:44","date_gmt":"2018-03-29T11:58:44","guid":{"rendered":"http:\/\/blogdorogeriogomes.com.br\/?p=8651"},"modified":"2018-03-29T11:58:44","modified_gmt":"2018-03-29T11:58:44","slug":"pf-prende-quatro-pessoas-ligadas-a-investigacao-contra-o-presidente-temer","status":"publish","type":"post","link":"https:\/\/blogdorogeriogomes.com.br\/noticias\/2018\/03\/pf-prende-quatro-pessoas-ligadas-a-investigacao-contra-o-presidente-temer\/","title":{"rendered":"PF prende quatro pessoas ligadas a investiga\u00e7\u00e3o contra o presidente Temer"},"content":{"rendered":"<p><img loading=\"lazy\" decoding=\"async\" class=\"alignnone size-medium wp-image-8652\" src=\"http:\/\/blogdorogeriogomes.com.br\/wp-content\/uploads\/2018\/03\/images-19-1-300x200.jpeg\" alt=\"images (19)\" width=\"300\" height=\"200\" srcset=\"https:\/\/blogdorogeriogomes.com.br\/noticias\/wp-content\/uploads\/2018\/03\/images-19-1-300x200.jpeg 300w, https:\/\/blogdorogeriogomes.com.br\/noticias\/wp-content\/uploads\/2018\/03\/images-19-1.jpeg 470w\" sizes=\"auto, (max-width: 300px) 100vw, 300px\" \/><\/p>\n<p><span style=\"font-weight: 400;\">A Pol\u00edcia Federal prendeu pessoas ligadas ao presidente Michel Temer nesta quinta-feira, dia 29 de mar\u00e7o. O principal deles, Jos\u00e9 Yunes, amigo e ex-assessor do presidente, foi preso, em S\u00e3o Paulo. <\/span><\/p>\n<p><span style=\"font-weight: 400;\">A decis\u00e3o pela pris\u00e3o foi autorizada pelo ministro Lu\u00eds Roberto Barroso, do STF, relator do inqu\u00e9rito que investiga se o presidente da Rep\u00fablica, beneficiou empresas do setor portu\u00e1rio, por meio de decreto, em troca de suposto recebimento de propina.<\/span><\/p>\n<p><span style=\"font-weight: 400;\">O ex-ministro da Agricultura Wagner Rossi tamb\u00e9m foi preso, al\u00e9m do Coronel Jo\u00e3o Batista Lima Filho, considerado amigo \u00edntimo de Temer. \u00a0O quarto foi o empres\u00e1rio Ant\u00f4nio Celso Grecco, dono da Rodrimar. A empresa, que atua no Porto de Santos, no litoral de S\u00e3o Paulo, \u00e9 suspeita de ter sido beneficiada por um decreto de 2017 de Michel Temer em troca de suposto recebimento de propina.<\/span><span style=\"font-weight: 400;\"><br \/>\n<\/span><span style=\"font-weight: 400;\">Os quatro s\u00e3o alvo da Opera\u00e7\u00e3o Skala, deflagrada nesta quinta pela PF em S\u00e3o Paulo e no Rio de Janeiro. As pris\u00f5es s\u00e3o tempor\u00e1rias (v\u00e1lidas por cinco dias, prorrog\u00e1veis).<\/span><\/p>\n","protected":false},"excerpt":{"rendered":"<p>A Pol\u00edcia Federal prendeu pessoas ligadas ao presidente Michel Temer nesta quinta-feira, dia 29 de mar\u00e7o. O principal deles, Jos\u00e9 Yunes, amigo e ex-assessor do presidente, foi preso, em S\u00e3o Paulo. A decis\u00e3o pela pris\u00e3o foi autorizada pelo ministro Lu\u00eds Roberto Barroso, do STF, relator do inqu\u00e9rito que investiga se o presidente da Rep\u00fablica, beneficiou empresas do setor portu\u00e1rio, por meio de decreto, em troca de suposto recebimento de propina. O ex-ministro da Agricultura Wagner Rossi tamb\u00e9m foi preso,&hellip;<\/p>\n","protected":false},"author":1,"featured_media":0,"comment_status":"open","ping_status":"open","sticky":false,"template":"","format":"standard","meta":{"footnotes":""},"categories":[1],"tags":[],"class_list":["post-8651","post","type-post","status-publish","format-standard","hentry","category-noticias"],"_links":{"self":[{"href":"https:\/\/blogdorogeriogomes.com.br\/noticias\/wp-json\/wp\/v2\/posts\/8651","targetHints":{"allow":["GET"]}}],"collection":[{"href":"https:\/\/blogdorogeriogomes.com.br\/noticias\/wp-json\/wp\/v2\/posts"}],"about":[{"href":"https:\/\/blogdorogeriogomes.com.br\/noticias\/wp-json\/wp\/v2\/types\/post"}],"author":[{"embeddable":true,"href":"https:\/\/blogdorogeriogomes.com.br\/noticias\/wp-json\/wp\/v2\/users\/1"}],"replies":[{"embeddable":true,"href":"https:\/\/blogdorogeriogomes.com.br\/noticias\/wp-json\/wp\/v2\/comments?post=8651"}],"version-history":[{"count":1,"href":"https:\/\/blogdorogeriogomes.com.br\/noticias\/wp-json\/wp\/v2\/posts\/8651\/revisions"}],"predecessor-version":[{"id":8653,"href":"https:\/\/blogdorogeriogomes.com.br\/noticias\/wp-json\/wp\/v2\/posts\/8651\/revisions\/8653"}],"wp:attachment":[{"href":"https:\/\/blogdorogeriogomes.com.br\/noticias\/wp-json\/wp\/v2\/media?parent=8651"}],"wp:term":[{"taxonomy":"category","embeddable":true,"href":"https:\/\/blogdorogeriogomes.com.br\/noticias\/wp-json\/wp\/v2\/categories?post=8651"},{"taxonomy":"post_tag","embeddable":true,"href":"https:\/\/blogdorogeriogomes.com.br\/noticias\/wp-json\/wp\/v2\/tags?post=8651"}],"curies":[{"name":"wp","href":"https:\/\/api.w.org\/{rel}","templated":true}]}}