{"id":8654,"date":"2018-03-29T23:06:30","date_gmt":"2018-03-29T23:06:30","guid":{"rendered":"http:\/\/blogdorogeriogomes.com.br\/?p=8654"},"modified":"2018-03-29T23:06:30","modified_gmt":"2018-03-29T23:06:30","slug":"roberto-claudio-e-moroni-viajam-na-proxima-semana-para-o-exterior","status":"publish","type":"post","link":"https:\/\/blogdorogeriogomes.com.br\/noticias\/2018\/03\/roberto-claudio-e-moroni-viajam-na-proxima-semana-para-o-exterior\/","title":{"rendered":"Roberto Cl\u00e1udio e Moroni viajam na pr\u00f3xima semana para o Exterior"},"content":{"rendered":"<p><img loading=\"lazy\" decoding=\"async\" class=\"alignnone size-medium wp-image-8655\" src=\"http:\/\/blogdorogeriogomes.com.br\/wp-content\/uploads\/2018\/03\/images-20-300x225.jpeg\" alt=\"images (20)\" width=\"300\" height=\"225\" srcset=\"https:\/\/blogdorogeriogomes.com.br\/noticias\/wp-content\/uploads\/2018\/03\/images-20-300x225.jpeg 300w, https:\/\/blogdorogeriogomes.com.br\/noticias\/wp-content\/uploads\/2018\/03\/images-20.jpeg 443w\" sizes=\"auto, (max-width: 300px) 100vw, 300px\" \/><\/p>\n<p><span style=\"font-weight: 400;\">O prefeito Roberto Cl\u00e1udio segue para os Estados Unidos na pr\u00f3xima segunda-feira, dia 2 de abril. Na pauta da viagem est\u00e3o reuni\u00f5es no Banco Mundial, para tratar do financiamento do programa Fortaleza Sustent\u00e1vel, e no Instituto de Recursos Mundiais, onde ser\u00e3o discutidos projetos na \u00e1rea de seguran\u00e7a vi\u00e1ria. RC tamb\u00e9m ter\u00e1 um encontro na Embaixada Brasileira para tratar das tarifas de importa\u00e7\u00e3o sobre o a\u00e7o anunciadas pelo Governo Norte-americano.<\/span><\/p>\n<p><span style=\"font-weight: 400;\">O vice-prefeito Moroni Torgan tamb\u00e9m viajar\u00e1 para o exterior na pr\u00f3xima semana. Assim, o comando da Prefeitura ficar\u00e1 com o presidente da C\u00e2mara, Salmito Filho, at\u00e9 o dia 5 de abril quando est\u00e1 previsto o retorno de Roberto Cl\u00e1udio \u00e0 Capital.<\/span><\/p>\n<p><span style=\"font-weight: 400;\">A viagem de Roberto Cl\u00e1udio tinha sido cancelada no m\u00eas passado devido a ocorr\u00eancia da Chacina da Gentil\u00e2ndia, ocorrida na v\u00e9spera do embarque para os EUA.<\/span><\/p>\n","protected":false},"excerpt":{"rendered":"<p>O prefeito Roberto Cl\u00e1udio segue para os Estados Unidos na pr\u00f3xima segunda-feira, dia 2 de abril. Na pauta da viagem est\u00e3o reuni\u00f5es no Banco Mundial, para tratar do financiamento do programa Fortaleza Sustent\u00e1vel, e no Instituto de Recursos Mundiais, onde ser\u00e3o discutidos projetos na \u00e1rea de seguran\u00e7a vi\u00e1ria. RC tamb\u00e9m ter\u00e1 um encontro na Embaixada Brasileira para tratar das tarifas de importa\u00e7\u00e3o sobre o a\u00e7o anunciadas pelo Governo Norte-americano. O vice-prefeito Moroni Torgan tamb\u00e9m viajar\u00e1 para o exterior na&hellip;<\/p>\n","protected":false},"author":1,"featured_media":0,"comment_status":"open","ping_status":"open","sticky":false,"template":"","format":"standard","meta":{"footnotes":""},"categories":[1],"tags":[],"class_list":["post-8654","post","type-post","status-publish","format-standard","hentry","category-noticias"],"_links":{"self":[{"href":"https:\/\/blogdorogeriogomes.com.br\/noticias\/wp-json\/wp\/v2\/posts\/8654","targetHints":{"allow":["GET"]}}],"collection":[{"href":"https:\/\/blogdorogeriogomes.com.br\/noticias\/wp-json\/wp\/v2\/posts"}],"about":[{"href":"https:\/\/blogdorogeriogomes.com.br\/noticias\/wp-json\/wp\/v2\/types\/post"}],"author":[{"embeddable":true,"href":"https:\/\/blogdorogeriogomes.com.br\/noticias\/wp-json\/wp\/v2\/users\/1"}],"replies":[{"embeddable":true,"href":"https:\/\/blogdorogeriogomes.com.br\/noticias\/wp-json\/wp\/v2\/comments?post=8654"}],"version-history":[{"count":1,"href":"https:\/\/blogdorogeriogomes.com.br\/noticias\/wp-json\/wp\/v2\/posts\/8654\/revisions"}],"predecessor-version":[{"id":8656,"href":"https:\/\/blogdorogeriogomes.com.br\/noticias\/wp-json\/wp\/v2\/posts\/8654\/revisions\/8656"}],"wp:attachment":[{"href":"https:\/\/blogdorogeriogomes.com.br\/noticias\/wp-json\/wp\/v2\/media?parent=8654"}],"wp:term":[{"taxonomy":"category","embeddable":true,"href":"https:\/\/blogdorogeriogomes.com.br\/noticias\/wp-json\/wp\/v2\/categories?post=8654"},{"taxonomy":"post_tag","embeddable":true,"href":"https:\/\/blogdorogeriogomes.com.br\/noticias\/wp-json\/wp\/v2\/tags?post=8654"}],"curies":[{"name":"wp","href":"https:\/\/api.w.org\/{rel}","templated":true}]}}